{"id":9796,"date":"2018-04-03T18:38:59","date_gmt":"2018-04-03T18:38:59","guid":{"rendered":"http:\/\/www.adcap.org.br\/?p=9796"},"modified":"2018-04-03T18:38:59","modified_gmt":"2018-04-03T18:38:59","slug":"adcap-net-03042018-diretor-afastado-do-fundo-de-pensao-dos-correios-contesta-intervencao-veja-mais","status":"publish","type":"post","link":"https:\/\/adcap.org.br\/index.php\/adcap-net-03042018-diretor-afastado-do-fundo-de-pensao-dos-correios-contesta-intervencao-veja-mais\/","title":{"rendered":"Adcap Net 03\/04\/2018 &#8211; Diretor afastado do fundo de pens\u00e3o dos Correios contesta interven\u00e7\u00e3o &#8211; Veja mais!"},"content":{"rendered":"<h1 style=\"text-align: justify;\">Diretor afastado do fundo de pens\u00e3o dos\u00a0Correios contesta interven\u00e7\u00e3o<\/h1>\n<p>O GLOBO<br \/>\n3\/4\/18<\/p>\n<p style=\"text-align: justify;\">Previc prorrogou a a\u00e7\u00e3o por mais seis meses<\/p>\n<p>BRAS\u00cdLIA &#8211; A Superintend\u00eancia Nacional de Previd\u00eancia Complementar (Previc) prorrogou nesta segunda feira\u00a0a interven\u00e7\u00e3o no Postalis, fundo de pens\u00e3o dos funcion\u00e1rios dos <strong>Correios<\/strong>, por mais seis meses. No\u00a0entanto, a interven\u00e7\u00e3o \u00e9 contestada por Luiz Alberto Barreto, diretor financeiro afastado do Postalis. Eleito\u00a0como representante dos funcion\u00e1rios, em 2016, Barreto diz que teve o mandato cassado sem contradit\u00f3rio.<\/p>\n<p>Em entrevista ao GLOBO, ele afirmou que faltam justificativas para o afastamento, no fim do ano passado,\u00a0da diretoria que havia sido eleita para sanear a funda\u00e7\u00e3o. Disse que a a\u00e7\u00e3o serviu apenas para esconder\u00a0falhas na fiscaliza\u00e7\u00e3o da Previc e beneficiar acusados de serem respons\u00e1veis pelos preju\u00edzos bilion\u00e1rios\u00a0acumulados nas gest\u00f5es anteriores, incluindo agentes financeiros como o banco americano BNY Mellon.<\/p>\n<p>\u2014 Fui eu quem denunciou todas as fraudes do Postalis \u2014 diz Barreto, lembrando que trabalhou pela\u00a0abertura da CPI dos Fundos de Pens\u00e3o quando era presidente da Associa\u00e7\u00e3o dos Profissionais dos\u00a0Correios (<strong>Adcap<\/strong>) e que, ao depor, denunciou v\u00e1rios esc\u00e2ndalos. \u2014 Pedi a interven\u00e7\u00e3o em 2014, e n\u00e3o foi\u00a0feita.<\/p>\n<p>Segundo Barreto, a atual gest\u00e3o do Postalis tomou decis\u00f5es contra o interesse da funda\u00e7\u00e3o, como a\u00a0desist\u00eancia de uma a\u00e7\u00e3o bilion\u00e1ria nos EUA contra o BNY Mellon por perdas em investimentos envolvendo\u00a0o banco americano. A a\u00e7\u00e3o foi aberta pela dire\u00e7\u00e3o afastada. Os Correios, patrocinador do Postalis,\u00a0defendem o processo e pediram esclarecimentos ao interventor. O BNY Mellon n\u00e3o quis se manifestar.<\/p>\n<p>Acusa\u00e7\u00e3o contra a Previc<br \/>\nPara Barreto, a interven\u00e7\u00e3o teve como objetivo proteger a Previc de ser responsabilizada numa investiga\u00e7\u00e3o\u00a0da Pol\u00edcia Federal, j\u00e1 que a autarquia demorou a agir no Postalis. A interven\u00e7\u00e3o, decretada no fim de 2017,\u00a0s\u00f3 aconteceu depois que uma nova diretoria havia sido eleita para o Postalis com a participa\u00e7\u00e3o de\u00a0representantes de sindicatos e associa\u00e7\u00f5es de funcion\u00e1rios dos Correios que haviam criticado e\u00a0denunciado as aplica\u00e7\u00f5es financeiras suspeitas de diretorias anteriores, que se tornariam alvo da Opera\u00e7\u00e3o\u00a0Pausare, desencadeada em fevereiro deste ano pela PF para investigar um esquema de corrup\u00e7\u00e3o que\u00a0teria gerado R$ 6 bilh\u00f5es em perdas para o fundo.<\/p>\n<p>\u2014 A Opera\u00e7\u00e3o Pausare tinha sido solicitada no dia 12 de setembro, e eu suponho que possa ter vazado\u00a0informa\u00e7\u00e3o, e eles (a Previc) se assustaram. S\u00f3 isso justificaria a corrida para fazer uma interven\u00e7\u00e3o (&#8230;)\u00a0Surgiu a not\u00edcia tamb\u00e9m de que estava sendo investigada a omiss\u00e3o da Previc \u2014 conta.<\/p>\n<p>Com documentos que v\u00e3o desde o regimento da superintend\u00eancia at\u00e9 a ata da reuni\u00e3o em que a\u00a0interven\u00e7\u00e3o foi definida reunidos num envelope, Barreto diz que a decis\u00e3o foi tomada por diretores\u00a0substitutos, o que seria ilegal. Ele tamb\u00e9m diz que n\u00e3o houve o aval pr\u00e9vio da diretoria de fiscaliza\u00e7\u00e3o da\u00a0Previc, porque a nota t\u00e9cnica que embasou a interven\u00e7\u00e3o foi produzida ap\u00f3s a reuni\u00e3o, que n\u00e3o teve os\u00a0votos dos superintendentes justificados. Ele contou que um dos votantes chegou a confessar a ele que n\u00e3o\u00a0houve reuni\u00e3o de fato.<\/p>\n<p>Procurada, a Previc informou que n\u00e3o trata publicamente de casos espec\u00edficos e reiterou nota encaminhada\u00a0em novembro que diz que a interven\u00e7\u00e3o seguiu os tr\u00e2mites legais. A atual gest\u00e3o do Postalis afirmou que\u00a0n\u00e3o comenta assuntos relativos \u00e0 Previc.<\/p>\n<p>Barreto contou que j\u00e1 pediu para ser ouvido na Previc, mas nunca foi chamado. Ele amea\u00e7a recorrer \u00e0\u00a0Justi\u00e7a para ter o direito de provar que n\u00e3o fez gest\u00e3o temer\u00e1ria, pass\u00edvel de afastamento. Diz ainda que, na\u00a0sua gest\u00e3o, todas as aplica\u00e7\u00f5es do principal fundo do Postalis foram feitas em t\u00edtulos do Tesouro Nacional.<\/p>\n<p>Explicou que sempre houve d\u00favidas na contabilidade de fundos de investimentos criados com valores e\u00a0garantias de perdas recuperadas da corrup\u00e7\u00e3o no passado. Disse ter questionado a Previc sobre o assunto\u00a0e, sem orienta\u00e7\u00e3o, usou o modelo existente: a contabilidade que vinha sendo usada h\u00e1 oito anos. A CVM e\u00a0o Banco Central ainda estudam a forma de registro.<\/p>\n<h1 style=\"text-align: justify;\"><strong>Opera\u00e7\u00e3o Reembolso investiga roubos em\u00a0<\/strong><strong>ag\u00eancias dos Correios no interior de SP<\/strong><\/h1>\n<p style=\"text-align: justify;\">ESTAD\u00c3O<br \/>\n3\/4\/18<\/p>\n<p>Segundo a PF, a investiga\u00e7\u00e3o come\u00e7ou para apurar o roubo a uma ag\u00eancia dos <strong>Correios <\/strong>na cidade de\u00a0Ur\u00e2nia, em janeiro de 2016, mas tamb\u00e9m apura crimes em Aparecida d\u2019Oeste, Nipo\u00e3, Birigui e\u00a0Ara\u00e7atuba\/SP.<\/p>\n<p>A Pol\u00edcia Federal de Jales, no interior de S\u00e3o Paulo, deflagrou na manh\u00e3 desta ter\u00e7a-feira, 3, a opera\u00e7\u00e3o\u00a0Reembolso para desarticular um grupo criminoso que praticava furtos e roubos em ag\u00eancias dos Correios,\u00a0supermercados, lot\u00e9ricas, postos de gasolina, al\u00e9m de outras empresas que possu\u00edam cofres para guarda\u00a0de valores.<\/p>\n<p>Segundo a PF, a investiga\u00e7\u00e3o come\u00e7ou para apurar o roubo a uma ag\u00eancia dos Correios na cidade de\u00a0Ur\u00e2nia, em janeiro de 2016, mas tamb\u00e9m apura crimes em Aparecida d\u2019Oeste, Nipo\u00e3, Birigui e\u00a0Ara\u00e7atuba\/SP.<\/p>\n<p>A partir do caso de Ur\u00e2nia, quando dois homens armados renderam funcion\u00e1rios e roubaram valores\u00a0depositados, a PF entrou no caso e identificou n\u00facleos de criminosos nas cidades de Ara\u00e7atuba e Birigui,\u00a0que mantinham contatos com comparsas da regi\u00e3o de Jales\/SP.<\/p>\n<p>\u201cA ag\u00eancia dos Correios de Ur\u00e2nia foi alvo do grupo em pelo menos tr\u00eas ocasi\u00f5es desde o in\u00edcio das\u00a0investiga\u00e7\u00f5es. Na \u00faltima tentativa de a\u00e7\u00e3o dos criminosos nos Correios de Ur\u00e2nia, em outubro de 2017, eles\u00a0foram surpreendidos por equipes da PF e da PM\u201d, diz nota divulgada pela PF.<\/p>\n<p>Mais de 100 policiais federais est\u00e3o cumprindo 2 mandados de pris\u00e3o preventiva, 11 mandados de pris\u00e3o\u00a0tempor\u00e1ria e 20 mandados de busca e apreens\u00e3o nas cidades de Ur\u00e2nia, Aparecida d\u2019Oeste, Ara\u00e7atuba e\u00a0Birigui.<\/p>\n<p>De acordo com a PF, os presos responder\u00e3o pelos crimes de furto e roubo qualificado, associa\u00e7\u00e3o\u00a0criminosa armada, tentativa de homic\u00eddio dentre outros crimes.<\/p>\n<h1 style=\"text-align: justify;\">A quem a privatiza\u00e7\u00e3o beneficia?<\/h1>\n<p style=\"text-align: justify;\">GAZETA DO POVO<br \/>\n2\/4\/18<\/p>\n<p>Nossa Constitui\u00e7\u00e3o determina que o Estado preste servi\u00e7os diretamente, podendo a iniciativa privada atuar\u00a0apenas de forma complementar e suplementar\u00a0Filinto Eisenbach Neto*<\/p>\n<p>O servi\u00e7o de correio j\u00e1 era conhecido muito antes da era crist\u00e3. Por uma raz\u00e3o muito simples: o homem\u00a0sempre teve necessidade de comunica\u00e7\u00e3o, integra\u00e7\u00e3o e aproxima\u00e7\u00e3o. Ao olhar pelo retrovisor da hist\u00f3ria,\u00a0pode-se observar que a comunica\u00e7\u00e3o cresce em import\u00e2ncia e determina o desenvolvimento por\u00a0proporcionar intera\u00e7\u00e3o e integra\u00e7\u00e3o social.<\/p>\n<p>Ao longo de sua trajet\u00f3ria de 355 anos, de departamento p\u00fablico a empresa p\u00fablica, de desafios e\u00a0sucessos, a Empresa Brasileira de <strong>Correios <\/strong>e Tel\u00e9grafos chega ao terceiro mil\u00eanio como refer\u00eancia mundial.<\/p>\n<p>A grande quest\u00e3o \u00e9: privatizar ou n\u00e3o privatizar?<\/p>\n<p>Com a chegada do governo Temer, discute-se com \u00eanfase a quest\u00e3o das privatiza\u00e7\u00f5es e da gest\u00e3o do\u00a0Estado brasileiro. Iniciado no governo Collor, e acelerado com FHC, passando por Lula e Dilma, o processo\u00a0teve continuidade por meio das concess\u00f5es temporais.<\/p>\n<p>A privatiza\u00e7\u00e3o dos Correios seria um golpe na soberania nacional, tanto que poucos pa\u00edses permitem isso\u00a0Segundo os defensores das privatiza\u00e7\u00f5es, os neoliberais, essa pr\u00e1tica \u00e9 necess\u00e1ria para que o Estado\u00a0consiga sanar suas contas e otimizar sua atua\u00e7\u00e3o. Os que s\u00e3o contr\u00e1rios as veem com desconforto, dado o\u00a0hist\u00f3rico das privatiza\u00e7\u00f5es dos anos 90, que n\u00e3o redundaram em resultados efetivos para a administra\u00e7\u00e3o\u00a0p\u00fablica. As privatiza\u00e7\u00f5es feitas entre 1994 e 1998 renderam R$ 78 bilh\u00f5es, enquanto a d\u00edvida brasileira\u00a0cresceu de US$ 60 bilh\u00f5es para US$ 245 bilh\u00f5es.<\/p>\n<p>O principal argumento contra a privatiza\u00e7\u00e3o da ECT \u00e9 que o Estado n\u00e3o pode abdicar de setores\u00a0estrat\u00e9gicos da economia de interesse p\u00fablico, sob risco de privar a popula\u00e7\u00e3o \u2013 principalmente a\u00a0desfavorecida \u2013 de servi\u00e7os com qualidade imparcial. Nossa Constitui\u00e7\u00e3o, social e democr\u00e1tica de Direito,\u00a0determina que o Estado preste servi\u00e7os diretamente, podendo a iniciativa privada atuar apenas de forma\u00a0complementar e suplementar, conforme j\u00e1 contemplado na rede log\u00edstica da ECT. Nessa dire\u00e7\u00e3o, destaca-se\u00a0que, al\u00e9m da entrega de cartas e encomendas, os Correios realizam grandes opera\u00e7\u00f5es log\u00edsticas como\u00a0a distribui\u00e7\u00e3o de livros did\u00e1ticos e provas do Enem, assim como auxilia em programas de vacina\u00e7\u00e3o\u00a0nacional e apoia atividades de internacionaliza\u00e7\u00e3o de micro e pequenas empresas.<\/p>\n<p>\u00c9 preciso privatizar: Minha encomenda sumiu! (artigo de Ubiratan Iorio, economista e professor da Uerj)\u00a0O site dos Correios, em sua se\u00e7\u00e3o \u201cQuem somos\u201d, destaca que \u201ca empresa realiza fun\u00e7\u00e3o de integra\u00e7\u00e3o e\u00a0de inclus\u00e3o social, papel indispens\u00e1vel para o desenvolvimento nacional\u201d. Margareth Pereira, autora de Os\u00a0Correios e Tel\u00e9grafos no Brasil, cita o ex-presidente dos Correios Egydio Bianchi: \u201co nosso desafio \u00e9\u00a0encontrar o ponto de equil\u00edbrio entre a vis\u00e3o de mercado e o atendimento \u00e0s necessidades sociais\u201d.<\/p>\n<p>A estrutura e capilaridade dos Correios, proporcionando a integra\u00e7\u00e3o e a comunica\u00e7\u00e3o de que disp\u00f5e o\u00a0Brasil de hoje, ressaltam a capacidade log\u00edstica da empresa, valores que despertam interesse do grande\u00a0capital. Mas a ECT dever\u00e1 continuar sua trajet\u00f3ria hist\u00f3rica de sucesso sob a administra\u00e7\u00e3o p\u00fablica. Que os\u00a0nossos \u201crepresentantes\u201d n\u00e3o a entreguem, como fizeram com tantas e importantes empresas brasileiras de\u00a0setores estrat\u00e9gicos. A privatiza\u00e7\u00e3o dos Correios seria um golpe na soberania nacional, tanto que poucos\u00a0pa\u00edses permitem isso \u2013 dos 192 correios do mundo, s\u00f3 oito est\u00e3o 100% privatizados.<\/p>\n<p>Os servi\u00e7os prestados pelos Correios s\u00e3o imprescind\u00edveis para a popula\u00e7\u00e3o e para o desenvolvimento e\u00a0integra\u00e7\u00e3o cont\u00ednua do Brasil. \u00c9 essa empresa que querem privatizar. A quem isso beneficiar\u00e1?<\/p>\n<p><em>*Filinto Eisenbach Neto, mestre em Estrat\u00e9gia Empresarial e especialista em Log\u00edstica Empresarial, \u00e9\u00a0professor da PUCPR.<\/em><\/p>\n<h1 style=\"text-align: justify;\"><strong>Carteiro assaltado nove vezes ser\u00e1 indenizado\u00a0<\/strong><strong>por danos morais pelos Correios<\/strong><\/h1>\n<p style=\"text-align: justify;\">BRASIL ECON\u00d4MICO<br \/>\n2\/4\/18<\/p>\n<p>A estatal alegou que sempre zelou pela seguran\u00e7a de seus carteiros e que os danos sofridos pelo\u00a0reclamante n\u00e3o foram causados pela companhia; confira<\/p>\n<p>Um carteiro motorizado receber\u00e1 indeniza\u00e7\u00e3o de R$ 20 mil da Empresa Brasileira de <strong>Correios <\/strong>e\u00a0Tel\u00e9grafos (ETC) por danos morais ap\u00f3s ser assaltado nove vezes enquanto fazia entregas pela Grande\u00a0S\u00e3o Paulo. Em consequ\u00eancia dos ataques, o trabalhador sofreu s\u00e9rios abalos psicol\u00f3gicos.<\/p>\n<p>Na a\u00e7\u00e3o por danos morais , o carteiro apontou que os Correios n\u00e3o oferecem aos seus empregados uma\u00a0prote\u00e7\u00e3o equivalente ao valor das mercadorias durante a realiza\u00e7\u00e3o dos servi\u00e7os de entrega. As\u00a0encomendas transportadas podem conter objetos caros como notebooks, celulares e rel\u00f3gios, o que\u00a0eventualmente resulta em trabalhadores altamente vulner\u00e1veis \u00e0s a\u00e7\u00f5es criminosas.<\/p>\n<p>\u201cA empresa, ao alargar e sofisticar o seu portf\u00f3lio de produtos, consolidando-se como uma grande e rica\u00a0transportadora, sem preocupar-se com a seguran\u00e7a de seus empregados, assumiu o risco pelos resultados\u00a0nocivos da viol\u00eancia praticada contra eles\u201d, disse o carteiro que contribuiu por oito anos na estatal.<\/p>\n<p>Outro lado<br \/>\nEm defesa, os Correios alegaram que sempre zelaram pela seguran\u00e7a de seus trabalhadores e que os\u00a0danos causados ao reclamante n\u00e3o foram causados pela estatal. Al\u00e9m disso, a empresa disse que\u00a0comunicou as a\u00e7\u00f5es criminosas \u00e0s autoridades competentes da \u00e1rea de seguran\u00e7a p\u00fablica.<\/p>\n<p>Mas para o ju\u00edzo da 25\u00aa Vara do Trabalho de S\u00e3o Paulo (SP) somente o envio de of\u00edcio \u00e0s autoridades\u00a0p\u00fablicas n\u00e3o \u00e9 suficiente para anular a responsabilidade da empresa. Segundo esse entendimento, os\u00a0Correiros poderiam ter inclu\u00eddo uma pol\u00edtica de escolta para os carteiros atuantes nas entregas de bens de\u00a0elevado valor comercial.<\/p>\n<p>Ap\u00f3s a decis\u00e3o, a empresa entrou com recurso, entretanto o relator do caso, ministro Douglas Alencar\u00a0Rodrigues da Quinta Turma do Tribunal Superior do Trabalho (TST), considerou que, no momento em que\u00a0assim que uma empresa p\u00f5e em funcionamento uma atividade empresarial, ela automaticamente assume\u00a0todos os riscos dela insepar\u00e1veis, inclusive a possibilidade de acidente de trabalho.<\/p>\n<p>Na conclus\u00e3o do processo, toda a Turma entendeu o nexo de causalidade entre os danos morais sofridos\u00a0pelo trabalhador e o risco do servi\u00e7o prestado como carteiro motorizado.<\/p>\n<h1 style=\"text-align: justify;\"><strong>Previc prorroga interven\u00e7\u00e3o no Postalis por\u00a0<\/strong><strong>seis meses<\/strong><\/h1>\n<p style=\"text-align: justify;\">O GLOBO<br \/>\n2\/4\/18<\/p>\n<p>Portaria, publicada no Di\u00e1rio Oficial, n\u00e3o explicou motivos da renova\u00e7\u00e3o<\/p>\n<p>BRAS\u00cdLIA \u2014 A Superintend\u00eancia Nacional de Previd\u00eancia Complementar (Previc) prorrogou, nesta\u00a0segunda-feira, a interven\u00e7\u00e3o no fundo de pens\u00e3o dos funcion\u00e1rios dos <strong>Correios<\/strong>, o Postalis, por mais seis\u00a0meses. No m\u00eas passado, O GLOBO antecipou que a renova\u00e7\u00e3o havia sido solicitada.<\/p>\n<p style=\"text-align: justify;\">Na portaria, publicada no Di\u00e1rio Oficial da Uni\u00e3o (DOU), a Previc n\u00e3o explica os motivos da amplia\u00e7\u00e3o da\u00a0interven\u00e7\u00e3o no Postalis. Diz apenas que ele \u00e9 o \u00f3rg\u00e3o respons\u00e1vel pela constitui\u00e7\u00e3o e funcionamento das\u00a0entidades fechadas de previd\u00eancia complementar. Fala ainda que compete ao \u00f3rg\u00e3o deliberar, mediante\u00a0proposi\u00e7\u00e3o da diretoria de Fiscaliza\u00e7\u00e3o e Monitoramento, sobre os regimes especiais de interven\u00e7\u00e3o.<\/p>\n<p>No dia 22 de mar\u00e7o, O GLOBO revelou que o interventor nomeado pela Previc para administrar o fundo de\u00a0pens\u00e3o dos carteiros, Walter de Carvalho Parente, j\u00e1 havia pedido a renova\u00e7\u00e3o da interven\u00e7\u00e3o no Postalis.\u00a0E que ele tamb\u00e9m tinha mandado suspender uma a\u00e7\u00e3o bilion\u00e1ria que poderia resolver a maior parte dos\u00a0problemas da institui\u00e7\u00e3o.<\/p>\n<p>Parente ordenou aos advogados do fundo nos Estados Unidos que n\u00e3o seguissem adiante com um\u00a0processo determinado pela diretoria que foi destitu\u00edda no ano passado, depois da interven\u00e7\u00e3o.<\/p>\n<p style=\"text-align: justify;\">\n<p style=\"text-align: justify;\"><strong>Dire\u00e7\u00e3o Nacional da ADCAP.<\/strong><\/p>\n","protected":false},"excerpt":{"rendered":"<p>Diretor afastado do fundo de pens\u00e3o dos\u00a0Correios contesta interven\u00e7\u00e3o O GLOBO 3\/4\/18 Previc prorrogou a a\u00e7\u00e3o por mais seis meses BRAS\u00cdLIA &#8211; A Superintend\u00eancia Nacional de Previd\u00eancia Complementar (Previc) prorrogou&hellip;<\/p>\n","protected":false},"author":3,"featured_media":0,"comment_status":"open","ping_status":"open","sticky":false,"template":"","format":"standard","meta":{"_editorskit_title_hidden":false,"_editorskit_reading_time":0,"_editorskit_is_block_options_detached":false,"_editorskit_block_options_position":"{}","footnotes":""},"categories":[3,43,26],"tags":[],"aioseo_notices":[],"_links":{"self":[{"href":"https:\/\/adcap.org.br\/index.php\/wp-json\/wp\/v2\/posts\/9796"}],"collection":[{"href":"https:\/\/adcap.org.br\/index.php\/wp-json\/wp\/v2\/posts"}],"about":[{"href":"https:\/\/adcap.org.br\/index.php\/wp-json\/wp\/v2\/types\/post"}],"author":[{"embeddable":true,"href":"https:\/\/adcap.org.br\/index.php\/wp-json\/wp\/v2\/users\/3"}],"replies":[{"embeddable":true,"href":"https:\/\/adcap.org.br\/index.php\/wp-json\/wp\/v2\/comments?post=9796"}],"version-history":[{"count":0,"href":"https:\/\/adcap.org.br\/index.php\/wp-json\/wp\/v2\/posts\/9796\/revisions"}],"wp:attachment":[{"href":"https:\/\/adcap.org.br\/index.php\/wp-json\/wp\/v2\/media?parent=9796"}],"wp:term":[{"taxonomy":"category","embeddable":true,"href":"https:\/\/adcap.org.br\/index.php\/wp-json\/wp\/v2\/categories?post=9796"},{"taxonomy":"post_tag","embeddable":true,"href":"https:\/\/adcap.org.br\/index.php\/wp-json\/wp\/v2\/tags?post=9796"}],"curies":[{"name":"wp","href":"https:\/\/api.w.org\/{rel}","templated":true}]}}