{"id":9780,"date":"2018-03-29T15:16:37","date_gmt":"2018-03-29T15:16:37","guid":{"rendered":"http:\/\/www.adcap.org.br\/?p=9780"},"modified":"2018-03-29T15:17:07","modified_gmt":"2018-03-29T15:17:07","slug":"postal-saude-cobranca-de-mensalidade-e-compartilhamento","status":"publish","type":"post","link":"https:\/\/adcap.org.br\/index.php\/postal-saude-cobranca-de-mensalidade-e-compartilhamento\/","title":{"rendered":"POSTAL SA\u00daDE &#8211; Cobran\u00e7a de Mensalidade e Compartilhamento"},"content":{"rendered":"<h1 style=\"text-align: center;\"><strong>POSTAL SA\u00daDE &#8211; COBRAN\u00c7A DE\u00a0<\/strong><strong>MENSALIDADE E COMPARTILHAMENTO<\/strong><\/h1>\n<p style=\"text-align: justify;\">Considerando a divulga\u00e7\u00e3o realizada pelos Correios no primeira hora dos dias 23 e 28\/03\/2018 e a divulga\u00e7\u00e3o no site do POSTAL SA\u00daDE relativo ao in\u00edcio da cobran\u00e7a de mensalidade e mudan\u00e7a no sistema de compartilhamento, temos o seguinte a informar:<\/p>\n<ol style=\"text-align: justify;\">\n<li><strong> PROCESSO NO TST<\/strong><\/li>\n<\/ol>\n<p style=\"text-align: justify;\">A decis\u00e3o do TST no julgamento da altera\u00e7\u00e3o da Cl\u00e1usula 28 do atual Acordo Coletivo de Trabalho somente ter\u00e1 vig\u00eancia ap\u00f3s a publica\u00e7\u00e3o do respectivo Ac\u00f3rd\u00e3o.<\/p>\n<p style=\"text-align: justify;\">Ap\u00f3s a publica\u00e7\u00e3o do Ac\u00f3rd\u00e3o do TST, as partes representantes dos trabalhadores poder\u00e3o apresentar Recurso ao Pleno do Tribunal, solicitando efeito suspensivo do julgamento, que poder\u00e1 ser acolhido ou n\u00e3o.<\/p>\n<p style=\"text-align: justify;\">A ADCAP NACIONAL segue avaliando junto aos seu corpo jur\u00eddico quais as medidas que melhor atender\u00e3o aos interesses dos seus associados.<\/p>\n<ol style=\"text-align: justify;\" start=\"2\">\n<li><strong> IMPLEMENTA\u00c7\u00c3O DA COBRAN\u00c7A<\/strong><\/li>\n<\/ol>\n<p style=\"text-align: justify;\">Independentemente das medidas jur\u00eddicas a serem adotadas no processo junto ao TST, informamos que para a implanta\u00e7\u00e3o da cobran\u00e7a de mensalidade e mudan\u00e7a no sistema de compartilhamento, h\u00e1 a necessidade de aprova\u00e7\u00e3o do Regulamento do novo Plano junto ao Conselho Deliberativo da POSTAL SA\u00daDE,\u00a0 e posteriormente, junto \u00e0 ANS.<\/p>\n<p style=\"text-align: justify;\"><strong>H\u00e1 necessidade tamb\u00e9m da manifesta\u00e7\u00e3o de cada benefici\u00e1rio, por escrito, quanto ao seu interesse ou \u00a0n\u00e3o em continuar no plano da Postal Sa\u00fade, dentro dessa nova modalidade.<\/strong><\/p>\n<p style=\"text-align: justify;\">A ADCAP NACIONAL est\u00e1 monitorando o andamento do assunto junto aos Conselheiros Eleitos representantes dos participantes.<\/p>\n<ol style=\"text-align: justify;\" start=\"3\">\n<li><strong> OUTRAS MEDIDAS<\/strong><\/li>\n<\/ol>\n<p style=\"text-align: justify;\">Paralelamente, a ADCAP NACIONAL tamb\u00e9m est\u00e1 identificando fornecedores alternativos, em planos empresariais,\u00a0objetivando apresentar poss\u00edveis op\u00e7\u00f5es aos seus associados.<\/p>\n<p style=\"text-align: justify;\">Alguns N\u00facleos Regionais tomaram a iniciativa de j\u00e1 buscar no mercado e avaliar propostas de\u00a0planos de sa\u00fade locais.<\/p>\n<p style=\"text-align: justify;\">Salientamos que esse encaminhamento est\u00e1 sendo constru\u00eddo com cuidado, seguran\u00e7a, visando garantir uma op\u00e7\u00e3o que realmente proporcione n\u00e3o somente vantagem financeira, mas um atendimento pleno com os mais completos servi\u00e7os para nossos associados e dependentes.<\/p>\n<p style=\"text-align: justify;\">Informamos que, t\u00e3o logo tenhamos novas not\u00edcias\u00a0sobre o assunto, iremos divulgar.<\/p>\n<p style=\"text-align: justify;\"><strong>Dire\u00e7\u00e3o Nacional da ADCAP.<\/strong><\/p>\n","protected":false},"excerpt":{"rendered":"<p>POSTAL SA\u00daDE &#8211; COBRAN\u00c7A DE\u00a0MENSALIDADE E COMPARTILHAMENTO Considerando a divulga\u00e7\u00e3o realizada pelos Correios no primeira hora dos dias 23 e 28\/03\/2018 e a divulga\u00e7\u00e3o no site do POSTAL SA\u00daDE relativo&hellip;<\/p>\n","protected":false},"author":3,"featured_media":0,"comment_status":"open","ping_status":"open","sticky":false,"template":"","format":"standard","meta":{"_editorskit_title_hidden":false,"_editorskit_reading_time":0,"_editorskit_is_block_options_detached":false,"_editorskit_block_options_position":"{}","footnotes":""},"categories":[5,44,27],"tags":[],"aioseo_notices":[],"_links":{"self":[{"href":"https:\/\/adcap.org.br\/index.php\/wp-json\/wp\/v2\/posts\/9780"}],"collection":[{"href":"https:\/\/adcap.org.br\/index.php\/wp-json\/wp\/v2\/posts"}],"about":[{"href":"https:\/\/adcap.org.br\/index.php\/wp-json\/wp\/v2\/types\/post"}],"author":[{"embeddable":true,"href":"https:\/\/adcap.org.br\/index.php\/wp-json\/wp\/v2\/users\/3"}],"replies":[{"embeddable":true,"href":"https:\/\/adcap.org.br\/index.php\/wp-json\/wp\/v2\/comments?post=9780"}],"version-history":[{"count":0,"href":"https:\/\/adcap.org.br\/index.php\/wp-json\/wp\/v2\/posts\/9780\/revisions"}],"wp:attachment":[{"href":"https:\/\/adcap.org.br\/index.php\/wp-json\/wp\/v2\/media?parent=9780"}],"wp:term":[{"taxonomy":"category","embeddable":true,"href":"https:\/\/adcap.org.br\/index.php\/wp-json\/wp\/v2\/categories?post=9780"},{"taxonomy":"post_tag","embeddable":true,"href":"https:\/\/adcap.org.br\/index.php\/wp-json\/wp\/v2\/tags?post=9780"}],"curies":[{"name":"wp","href":"https:\/\/api.w.org\/{rel}","templated":true}]}}