{"id":9744,"date":"2018-03-21T12:34:55","date_gmt":"2018-03-21T12:34:55","guid":{"rendered":"http:\/\/www.adcap.org.br\/?p=9744"},"modified":"2018-03-21T12:34:55","modified_gmt":"2018-03-21T12:34:55","slug":"adcap-envia-carta-ao-presidente-da-republica-michel-temer","status":"publish","type":"post","link":"https:\/\/adcap.org.br\/index.php\/adcap-envia-carta-ao-presidente-da-republica-michel-temer\/","title":{"rendered":"ADCAP envia carta ao Presidente da Rep\u00fablica Michel Temer"},"content":{"rendered":"<h1 style=\"text-align: center;\"><strong>Carta enviada ao Presidente da Rep\u00fablica, Michel Temer<\/strong><\/h1>\n<p style=\"text-align: justify;\">\n<p style=\"text-align: justify;\">Prezado Associado,<\/p>\n<p>Para conhecimento, publicamos, abaixo,\u00a0CT\/ADCAP-020\/2018\u00a0enviada ao Exm\u00ba. Sr.\u00a0Presidente da Rep\u00fablica\u00a0Michel Temer, cujo teor trata da import\u00e2ncia da indica\u00e7\u00e3o de um profissional com a devida capacidade\/conhecimento do neg\u00f3cio Correios para a condu\u00e7\u00e3o da nossa Empresa, face a j\u00e1 anunciada sa\u00edda do atual presidente Guilherme Campos para concorrer nas pr\u00f3ximas elei\u00e7\u00f5es.<\/p>\n<p style=\"text-align: justify;\"><strong>Dire\u00e7\u00e3o Nacional da ADCAP.<\/strong><\/p>\n<p style=\"text-align: justify;\">\n<p style=\"text-align: center;\"><img decoding=\"async\" loading=\"lazy\" class=\"alignnone wp-image-9745 size-large\" src=\"http:\/\/www.adcap.org.br\/wp-content\/uploads\/Ct-MTemer01-622x1024.jpg\" alt=\"\" width=\"622\" height=\"1024\" srcset=\"https:\/\/adcap.org.br\/wp-content\/uploads\/Ct-MTemer01-622x1024.jpg 622w, https:\/\/adcap.org.br\/wp-content\/uploads\/Ct-MTemer01-182x300.jpg 182w, https:\/\/adcap.org.br\/wp-content\/uploads\/Ct-MTemer01-768x1265.jpg 768w, https:\/\/adcap.org.br\/wp-content\/uploads\/Ct-MTemer01-1170x1927.jpg 1170w, https:\/\/adcap.org.br\/wp-content\/uploads\/Ct-MTemer01-585x964.jpg 585w\" sizes=\"(max-width: 622px) 100vw, 622px\" \/><\/p>\n<p style=\"text-align: center;\"><img decoding=\"async\" loading=\"lazy\" class=\"alignnone wp-image-9746 size-large\" src=\"http:\/\/www.adcap.org.br\/wp-content\/uploads\/Ct-MTemer02-622x1024.jpg\" alt=\"\" width=\"622\" height=\"1024\" srcset=\"https:\/\/adcap.org.br\/wp-content\/uploads\/Ct-MTemer02-622x1024.jpg 622w, https:\/\/adcap.org.br\/wp-content\/uploads\/Ct-MTemer02-182x300.jpg 182w, https:\/\/adcap.org.br\/wp-content\/uploads\/Ct-MTemer02-768x1265.jpg 768w, https:\/\/adcap.org.br\/wp-content\/uploads\/Ct-MTemer02-1170x1927.jpg 1170w, https:\/\/adcap.org.br\/wp-content\/uploads\/Ct-MTemer02-585x964.jpg 585w\" sizes=\"(max-width: 622px) 100vw, 622px\" \/><\/p>\n<p style=\"text-align: justify;\"><span style=\"font-size: 10.5pt; font-family: 'Verdana',sans-serif;\">Veja a carta tamb\u00e9m no link:<br \/>\n<a href=\"http:\/\/emailmarketing.adcap.org.br\/accounts\/39849\/messages\/1097\/clicks\/7388\/1397?envelope_id=272\">http:\/\/www.adcap.org.br\/wp-content\/uploads\/CT-020-2018-Presidente-da-Republica.pdf<\/a><\/span><\/p>\n<p>&nbsp;<\/p>\n<p>&nbsp;<\/p>\n","protected":false},"excerpt":{"rendered":"<p>Carta enviada ao Presidente da Rep\u00fablica, Michel Temer Prezado Associado, Para conhecimento, publicamos, abaixo,\u00a0CT\/ADCAP-020\/2018\u00a0enviada ao Exm\u00ba. Sr.\u00a0Presidente da Rep\u00fablica\u00a0Michel Temer, cujo teor trata da import\u00e2ncia da indica\u00e7\u00e3o de um profissional&hellip;<\/p>\n","protected":false},"author":3,"featured_media":0,"comment_status":"open","ping_status":"open","sticky":false,"template":"","format":"standard","meta":{"_editorskit_title_hidden":false,"_editorskit_reading_time":0,"_editorskit_is_block_options_detached":false,"_editorskit_block_options_position":"{}","footnotes":""},"categories":[5,44],"tags":[],"aioseo_notices":[],"_links":{"self":[{"href":"https:\/\/adcap.org.br\/index.php\/wp-json\/wp\/v2\/posts\/9744"}],"collection":[{"href":"https:\/\/adcap.org.br\/index.php\/wp-json\/wp\/v2\/posts"}],"about":[{"href":"https:\/\/adcap.org.br\/index.php\/wp-json\/wp\/v2\/types\/post"}],"author":[{"embeddable":true,"href":"https:\/\/adcap.org.br\/index.php\/wp-json\/wp\/v2\/users\/3"}],"replies":[{"embeddable":true,"href":"https:\/\/adcap.org.br\/index.php\/wp-json\/wp\/v2\/comments?post=9744"}],"version-history":[{"count":0,"href":"https:\/\/adcap.org.br\/index.php\/wp-json\/wp\/v2\/posts\/9744\/revisions"}],"wp:attachment":[{"href":"https:\/\/adcap.org.br\/index.php\/wp-json\/wp\/v2\/media?parent=9744"}],"wp:term":[{"taxonomy":"category","embeddable":true,"href":"https:\/\/adcap.org.br\/index.php\/wp-json\/wp\/v2\/categories?post=9744"},{"taxonomy":"post_tag","embeddable":true,"href":"https:\/\/adcap.org.br\/index.php\/wp-json\/wp\/v2\/tags?post=9744"}],"curies":[{"name":"wp","href":"https:\/\/api.w.org\/{rel}","templated":true}]}}