{"id":9366,"date":"2018-01-22T18:13:01","date_gmt":"2018-01-22T18:13:01","guid":{"rendered":"http:\/\/www.adcap.org.br\/?p=9366"},"modified":"2018-01-22T18:13:01","modified_gmt":"2018-01-22T18:13:01","slug":"intervencao-do-postalis-posicionamento-sobre-nota-do-mpf","status":"publish","type":"post","link":"https:\/\/adcap.org.br\/index.php\/intervencao-do-postalis-posicionamento-sobre-nota-do-mpf\/","title":{"rendered":"Interven\u00e7\u00e3o do POSTALIS &#8211; posicionamento sobre nota do MPF"},"content":{"rendered":"<h1 style=\"text-align: center;\"><strong>Interven\u00e7\u00e3o do POSTALIS &#8211; posicionamento sobre nota do MPF<\/strong><\/h1>\n<p style=\"text-align: justify;\">\nA respeito da nota divulgada pelo Minist\u00e9rio P\u00fablico Federal nesta data, dando conta de que aquele \u00f3rg\u00e3o \u00e9 contra o fim da interven\u00e7\u00e3o no POSTALIS, a ADCAP esclarece o seguinte:<\/p>\n<p style=\"text-align: justify;\">N\u00e3o procede a conclus\u00e3o do MPF de que a associa\u00e7\u00e3o agiu de m\u00e1 f\u00e9, haja vista a independ\u00eancia de seus n\u00facleos regionais que podem propor &#8211; e o fazem regularmente &#8211; a\u00e7\u00f5es judiciais sobre os temas que entenderem demandar este tipo de iniciativa; a ADCAP possui n\u00facleos em v\u00e1rios Estados.<\/p>\n<p style=\"text-align: justify;\">A entrada recente de A\u00e7\u00e3o Civil P\u00fablica pelo MPF contra o BNY Mellon \u00e9 vista pela Associa\u00e7\u00e3o como positiva, pois traz um refor\u00e7o importante numa luta que, at\u00e9 pouco tempo atr\u00e1s, era empreendida unicamente pela ADCAP e por outras entidades representativas dos trabalhadores, preocupadas com os evidentes mal feitos que ocorriam na gest\u00e3o do POSTALIS.<\/p>\n<p style=\"text-align: justify;\">Foi essa luta das entidades representativas, materializada inclusive na CPI dos Fundos de Pens\u00e3o, que propiciou os insumos que hoje permitem uma a\u00e7\u00e3o mais incisiva do MPF e de outros \u00f3rg\u00e3os de controle, em opera\u00e7\u00f5es como a Greenfield, que v\u00e3o lan\u00e7ando finalmente alguma luz nessa quest\u00e3o dos fundos de pens\u00e3o.<\/p>\n<p style=\"text-align: justify;\">A ADCAP permanecer\u00e1 cobrando em todos os foruns os devidos esclarecimentos do processo de interven\u00e7\u00e3o no POSTALIS, por entender que o mesmo teve v\u00edcios, conforme demonstrado detalhadamente nas a\u00e7\u00f5es em curso.<\/p>\n<p style=\"text-align: justify;\">Independentemente das discuss\u00f5es sobre a adequa\u00e7\u00e3o da interven\u00e7\u00e3o, a ADCAP cobrar\u00e1 do Governo Federal, representado nesta quest\u00e3o do POSTALIS pela PREVIC e agora tamb\u00e9m pelo MPF, a solu\u00e7\u00e3o satisfat\u00f3ria e tempestiva das duas quest\u00f5es mais relevantes que impactaram o plano BD Saldado: a suspens\u00e3o unilateral do pagamento da RTSA &#8211; Reserva T\u00e9cnica Servi\u00e7o Anterior pelos Correios desde 2014 e a quest\u00e3o dos preju\u00edzos imputados ao POSTALIS pelo BNY Mellon, pois a solu\u00e7\u00e3o dessas duas quest\u00f5es equilibrar\u00e1 definitivamente o plano.<\/p>\n<p style=\"text-align: justify;\">A nota divulgada pelo MPF pode ser lida no seguinte link: <a href=\"http:\/\/www.mpf.mp.br\/sp\/sala-de-imprensa\/noticias-sp\/mpf-e-contra-o-fim-da-intervencao-no-postalis\">http:\/\/www.mpf.mp.br\/sp\/sala-de-imprensa\/noticias-sp\/mpf-e-contra-o-fim-da-intervencao-no-postalis<\/a><\/p>\n<p style=\"text-align: justify;\">\n<p style=\"text-align: justify;\"><strong>Dire\u00e7\u00e3o Nacional da ADCAP.<\/strong><\/p>\n","protected":false},"excerpt":{"rendered":"<p>Interven\u00e7\u00e3o do POSTALIS &#8211; posicionamento sobre nota do MPF A respeito da nota divulgada pelo Minist\u00e9rio P\u00fablico Federal nesta data, dando conta de que aquele \u00f3rg\u00e3o \u00e9 contra o fim&hellip;<\/p>\n","protected":false},"author":3,"featured_media":0,"comment_status":"open","ping_status":"open","sticky":false,"template":"","format":"standard","meta":{"_editorskit_title_hidden":false,"_editorskit_reading_time":0,"_editorskit_is_block_options_detached":false,"_editorskit_block_options_position":"{}","footnotes":""},"categories":[5,44,26],"tags":[],"aioseo_notices":[],"_links":{"self":[{"href":"https:\/\/adcap.org.br\/index.php\/wp-json\/wp\/v2\/posts\/9366"}],"collection":[{"href":"https:\/\/adcap.org.br\/index.php\/wp-json\/wp\/v2\/posts"}],"about":[{"href":"https:\/\/adcap.org.br\/index.php\/wp-json\/wp\/v2\/types\/post"}],"author":[{"embeddable":true,"href":"https:\/\/adcap.org.br\/index.php\/wp-json\/wp\/v2\/users\/3"}],"replies":[{"embeddable":true,"href":"https:\/\/adcap.org.br\/index.php\/wp-json\/wp\/v2\/comments?post=9366"}],"version-history":[{"count":0,"href":"https:\/\/adcap.org.br\/index.php\/wp-json\/wp\/v2\/posts\/9366\/revisions"}],"wp:attachment":[{"href":"https:\/\/adcap.org.br\/index.php\/wp-json\/wp\/v2\/media?parent=9366"}],"wp:term":[{"taxonomy":"category","embeddable":true,"href":"https:\/\/adcap.org.br\/index.php\/wp-json\/wp\/v2\/categories?post=9366"},{"taxonomy":"post_tag","embeddable":true,"href":"https:\/\/adcap.org.br\/index.php\/wp-json\/wp\/v2\/tags?post=9366"}],"curies":[{"name":"wp","href":"https:\/\/api.w.org\/{rel}","templated":true}]}}