{"id":9360,"date":"2018-01-18T17:59:48","date_gmt":"2018-01-18T17:59:48","guid":{"rendered":"http:\/\/www.adcap.org.br\/?p=9360"},"modified":"2018-01-18T17:59:48","modified_gmt":"2018-01-18T17:59:48","slug":"mpf-aciona-bny-mellon","status":"publish","type":"post","link":"https:\/\/adcap.org.br\/index.php\/mpf-aciona-bny-mellon\/","title":{"rendered":"MPF aciona BNY Mellon"},"content":{"rendered":"<h1 style=\"text-align: center;\"><strong>MPF aciona BNY Mellon<\/strong><\/h1>\n<p style=\"text-align: justify;\">\nA ADCAP informa a seus associados que o Minist\u00e9rio P\u00fablico Federal ingressou com A\u00e7\u00e3o Civil P\u00fablica em face do banco BNY Mellon, por conta dos preju\u00edzos havidos no POSTALIS. A inicial da A\u00e7\u00e3o pode ser lida no seguinte <strong><a href=\"http:\/\/www.adcap.org.br\/wp-content\/uploads\/Inicial.pdf\">link<\/a>.<\/strong><\/p>\n<p style=\"text-align: justify;\">Conforme descrito na pe\u00e7a inicial, a referida a\u00e7\u00e3o encontra-se lastreada no Inqu\u00e9rito Civil P\u00fablico instaurado em 2012, a partir de representa\u00e7\u00e3o feita ao MPF que noticiava a ocorr\u00eancia de d\u00e9ficits no Postalis decorrentes de atos irregulares de gest\u00e3o. N\u00e3o se trata, portanto, de nenhuma iniciativa recente e isolada, mas da conjun\u00e7\u00e3o de uma s\u00e9rie de contribui\u00e7\u00f5es ao longo de todo esse per\u00edodo, inclusive com a realiza\u00e7\u00e3o de uma CPI espec\u00edfica para averigua\u00e7\u00e3o dos referidos d\u00e9ficits nos maiores fundos de pens\u00e3o do Pa\u00eds.<\/p>\n<p style=\"text-align: justify;\">A ADCAP registra seus agradecimentos a todos os associados que t\u00eam somado esfor\u00e7os nas lutas por melhorias no POSTALIS. N\u00e3o fosse esse esfor\u00e7o coletivo, que resultou inclusive numa CPI, dificilmente se poderia ter hoje uma movimenta\u00e7\u00e3o importante como esta de o MPF empreender essa A\u00e7\u00e3o.<\/p>\n<p>A Associa\u00e7\u00e3o manter\u00e1 seus associados informados a respeito da evolu\u00e7\u00e3o desse tema.\n<\/p>\n<p style=\"text-align: right;\"><strong>Dire\u00e7\u00e3o Nacional da ADCAP.<\/strong><\/p>\n<p style=\"text-align: justify;\">\n<h1 style=\"text-align: justify;\"><strong>MPF quer que BNY Mellon pague R$ 9,3\u00a0<\/strong><strong>bilh\u00f5es ao Postalis<\/strong><\/h1>\n<p style=\"text-align: justify;\">Correio Braziliense<br \/>\nPor Antonio Temoteo<br \/>\n18\/01\/2018<\/p>\n<p style=\"text-align: justify;\">A Procuradoria da Rep\u00fablica em S\u00e3o Paulo ingressou com uma a\u00e7\u00e3o civil p\u00fablica na Justi\u00e7a Federal contra o banco BNY Mellon para que parte dos preju\u00edzos acumulados pelo Postalis, o fundo de pens\u00e3o dos empregados dos <strong>Correios<\/strong>, sejam ressarcidos pela institui\u00e7\u00e3o financeira.<\/p>\n<p style=\"text-align: justify;\">No documento obtido com exclusividade pelo Blog, o procurador Luiz Fernando Gaspar Costa solicitou que o BNY seja condenado a pagar ao Postalis R$ 6,2 bilh\u00f5es \u00a0referente ao valor que os investimentos descritos na a\u00e7\u00e3o deveriam valer com base nas informa\u00e7\u00f5es prestadas pelo pr\u00f3prio banco.<\/p>\n<p style=\"text-align: justify;\">O Minist\u00e9rio P\u00fablico Federal (MPF) ainda requereu que outros R$ 1,2 bilh\u00e3o sejam repassados ao Postalis a t\u00edtulo de pagamentos indevidos de taxas de administra\u00e7\u00e3o, mais R$ 20 mil por participante do fundo de pens\u00e3o a t\u00edtulo de dano moral, montante que deve chegar a R$ 1,9 bilh\u00e3o.<\/p>\n<p style=\"text-align: justify;\">Costa relata na a\u00e7\u00e3o a r\u00e9 administrativa os as carteiras pr\u00f3pria e terceirizada da entidade fechada de previd\u00eancia complementar. Ele detalha que que no caso da carteira pr\u00f3pria, o BNY pode escolher os investimentos, comprar e vender ativos, al\u00e9m de ter poder integral e absoluto de administra\u00e7\u00e3o dos valores investidos.<\/p>\n<p style=\"text-align: justify;\">Conforme ele, a institui\u00e7\u00e3o financeira deve ser responsabilizada \u00a0nos casos em que se omitiu do dever de vetar opera\u00e7\u00f5es temer\u00e1rias que causaram preju\u00edzos ao Postalis. Diversas aplica\u00e7\u00f5es realizadas pelo BNY Mellon e que deram preju\u00edzo para o fundo de pens\u00e3o s\u00e3o citadas pelo MPF. Entre elas est\u00e3o o FIP Canabrava, o FIP Sa\u00fade, aquisi\u00e7\u00f5es de deb\u00eantures e outros t\u00edtulos p\u00fablicos .<\/p>\n<p style=\"text-align: justify;\">Al\u00e9m disso, o procurador detalhou que os investimentos foram realizados sem an\u00e1lise de riscos, o que levou a quebra de dever fiduci\u00e1rio e um rombo para os participantes. Diversas aplica\u00e7\u00f5es foram feitas sem observ\u00e2ncia de limites legais determinados pelo Conselho Monet\u00e1rio Nacional (CMN).<\/p>\n","protected":false},"excerpt":{"rendered":"<p>MPF aciona BNY Mellon A ADCAP informa a seus associados que o Minist\u00e9rio P\u00fablico Federal ingressou com A\u00e7\u00e3o Civil P\u00fablica em face do banco BNY Mellon, por conta dos preju\u00edzos&hellip;<\/p>\n","protected":false},"author":3,"featured_media":0,"comment_status":"open","ping_status":"open","sticky":false,"template":"","format":"standard","meta":{"_editorskit_title_hidden":false,"_editorskit_reading_time":0,"_editorskit_is_block_options_detached":false,"_editorskit_block_options_position":"{}","footnotes":""},"categories":[5,44,26],"tags":[],"aioseo_notices":[],"_links":{"self":[{"href":"https:\/\/adcap.org.br\/index.php\/wp-json\/wp\/v2\/posts\/9360"}],"collection":[{"href":"https:\/\/adcap.org.br\/index.php\/wp-json\/wp\/v2\/posts"}],"about":[{"href":"https:\/\/adcap.org.br\/index.php\/wp-json\/wp\/v2\/types\/post"}],"author":[{"embeddable":true,"href":"https:\/\/adcap.org.br\/index.php\/wp-json\/wp\/v2\/users\/3"}],"replies":[{"embeddable":true,"href":"https:\/\/adcap.org.br\/index.php\/wp-json\/wp\/v2\/comments?post=9360"}],"version-history":[{"count":0,"href":"https:\/\/adcap.org.br\/index.php\/wp-json\/wp\/v2\/posts\/9360\/revisions"}],"wp:attachment":[{"href":"https:\/\/adcap.org.br\/index.php\/wp-json\/wp\/v2\/media?parent=9360"}],"wp:term":[{"taxonomy":"category","embeddable":true,"href":"https:\/\/adcap.org.br\/index.php\/wp-json\/wp\/v2\/categories?post=9360"},{"taxonomy":"post_tag","embeddable":true,"href":"https:\/\/adcap.org.br\/index.php\/wp-json\/wp\/v2\/tags?post=9360"}],"curies":[{"name":"wp","href":"https:\/\/api.w.org\/{rel}","templated":true}]}}