{"id":9288,"date":"2018-01-09T17:57:33","date_gmt":"2018-01-09T17:57:33","guid":{"rendered":"http:\/\/www.adcap.org.br\/?p=9288"},"modified":"2018-01-09T17:57:33","modified_gmt":"2018-01-09T17:57:33","slug":"resposta-da-adcap-a-coluna-do-jornalista-claudio-humberto","status":"publish","type":"post","link":"https:\/\/adcap.org.br\/index.php\/resposta-da-adcap-a-coluna-do-jornalista-claudio-humberto\/","title":{"rendered":"Resposta da ADCAP \u00e0 coluna do jornalista Cl\u00e1udio Humberto"},"content":{"rendered":"<p style=\"font-weight: 400; text-align: justify;\">Prezado Associado,<\/p>\n<p style=\"font-weight: 400; text-align: justify;\">Divulgamos abaixo, resposta enviada ao jornalista Cl\u00e1udio Humberto do site Di\u00e1rio do Poder, que veiculou a mat\u00e9ria\u00a0\u201cCORREIOS: DECL\u00cdNIO ATRASA ENTREGAS E AFASTA CLIENTES\u201d\u00a0hoje, dia 09 de janeiro.<\/p>\n<p style=\"font-weight: 400; text-align: justify;\">\n<p style=\"font-weight: 400; text-align: justify;\"><strong>Dire\u00e7\u00e3o Nacional da ADCAP.<\/strong><\/p>\n<p style=\"text-align: justify;\">\n<p style=\"text-align: justify;\">Sr. Cl\u00e1udio Humberto,<\/p>\n<p style=\"text-align: justify;\">A ADCAP &#8211; Associa\u00e7\u00e3o dos Profissionais dos Correios congrega atualmente mais de 10.000 trabalhadores dos Correios e tem procurado, ao longo de sua hist\u00f3ria, defender a profissionaliza\u00e7\u00e3o da gest\u00e3o da Empresa, como pode ser visto no site\u00a0<a href=\"http:\/\/emailmarketing.adcap.org.br\/accounts\/39849\/messages\/1049\/clicks\/[id]\/1323\">www.adcap.org.br<\/a>.<\/p>\n<p style=\"text-align: justify;\">Hoje a ADCAP recebeu c\u00f3pia da mat\u00e9ria veiculada em sua coluna sob o t\u00edtulo \u201cCORREIOS: DECL\u00cdNIO ATRASA ENTREGAS E AFASTA CLIENTES\u201d.<\/p>\n<p style=\"text-align: justify;\">Lamentamos que o senhor e pessoas pr\u00f3ximas venham tendo problemas com remessas enviadas por via postal. Isso tem que ser corrigido e a dire\u00e7\u00e3o da Empresa tem a obriga\u00e7\u00e3o de explicar-lhe o que ocorreu em cada um dos casos.<\/p>\n<p style=\"text-align: justify;\">N\u00e3o concordamos, por\u00e9m, com afirma\u00e7\u00f5es gen\u00e9ricas de desqualifica\u00e7\u00e3o dos Correios e de seus profissionais e nem que a imprensa repita, sem se aprofundar, palavras ditas pelos pol\u00edticos que dirigem a Empresa, os quais tentam atribuir ao plano de sa\u00fade dos trabalhadores a responsabilidade pelos resultados econ\u00f4mico-financeiros dos Correios, quando, na verdade, o desequil\u00edbrio existente teve origem basicamente em dois fatores completamente diferentes: o recolhimento excessivo de dividendos pelo Governo Federal, que esvaziou o caixa e as reservas dos Correios, e a implanta\u00e7\u00e3o de uma nova norma cont\u00e1bil (CPC 33), que comprometeu todo o patrim\u00f4nio da Empresa assim como seus resultados futuros.<\/p>\n<p style=\"text-align: justify;\">Seria importante que as federa\u00e7\u00f5es de trabalhadores dos Correios tamb\u00e9m fossem ouvidas por esse jornalista, para explicarem, por exemplo, quanto \u00e9 o sal\u00e1rio atual de um carteiro e tamb\u00e9m para relatarem como a Empresa utilizou, ao longo do tempo, o artif\u00edcio de ampliar alguns benef\u00edcios em vez de conceder reajuste salarial, porque isso era mais econ\u00f4mico para os Correios. Com isso, o senhor entender\u00e1 que o plano de sa\u00fade \u00e9 parte muito importante da remunera\u00e7\u00e3o desses trabalhadores, constitu\u00edda ao longo de muitos anos de negocia\u00e7\u00f5es trabalhistas, e n\u00e3o um exagero ou um absurdo, como propala a dire\u00e7\u00e3o pol\u00edtica dos Correios.<\/p>\n<p style=\"text-align: justify;\">Diz a boa pr\u00e1tica jornal\u00edstica que, ao veicular uma not\u00edcia, se deve procurar ouvir todas as partes envolvidas.\u00a0 Esperamos que considere, portanto, esta mensagem como uma resposta dos trabalhadores dos Correios a sua mat\u00e9ria.<\/p>\n<p style=\"text-align: justify;\">A ADCAP permanece \u00e0 sua disposi\u00e7\u00e3o para expressar mais detalhadamente o seu posicionamento a respeito do assunto e para demonstrar que a corpora\u00e7\u00e3o tem valores e qualidades que transcendem os racioc\u00ednios rasos at\u00e9 ent\u00e3o trazidos, na expectativa de que se preste um melhor servi\u00e7o de informa\u00e7\u00e3o \u00e0 popula\u00e7\u00e3o.<\/p>\n<p style=\"text-align: justify;\">\n<p style=\"text-align: justify;\">Atenciosamente,<\/p>\n<p style=\"text-align: justify;\">Maria In\u00eas Capelli Fulginiti,<br \/>\nPresidente da Associa\u00e7\u00e3o dos Profissionais dos Correios.<\/p>\n","protected":false},"excerpt":{"rendered":"<p>Prezado Associado, Divulgamos abaixo, resposta enviada ao jornalista Cl\u00e1udio Humberto do site Di\u00e1rio do Poder, que veiculou a mat\u00e9ria\u00a0\u201cCORREIOS: DECL\u00cdNIO ATRASA ENTREGAS E AFASTA CLIENTES\u201d\u00a0hoje, dia 09 de janeiro. Dire\u00e7\u00e3o&hellip;<\/p>\n","protected":false},"author":3,"featured_media":0,"comment_status":"open","ping_status":"open","sticky":false,"template":"","format":"standard","meta":{"_editorskit_title_hidden":false,"_editorskit_reading_time":0,"_editorskit_is_block_options_detached":false,"_editorskit_block_options_position":"{}","footnotes":""},"categories":[5,44],"tags":[],"aioseo_notices":[],"_links":{"self":[{"href":"https:\/\/adcap.org.br\/index.php\/wp-json\/wp\/v2\/posts\/9288"}],"collection":[{"href":"https:\/\/adcap.org.br\/index.php\/wp-json\/wp\/v2\/posts"}],"about":[{"href":"https:\/\/adcap.org.br\/index.php\/wp-json\/wp\/v2\/types\/post"}],"author":[{"embeddable":true,"href":"https:\/\/adcap.org.br\/index.php\/wp-json\/wp\/v2\/users\/3"}],"replies":[{"embeddable":true,"href":"https:\/\/adcap.org.br\/index.php\/wp-json\/wp\/v2\/comments?post=9288"}],"version-history":[{"count":0,"href":"https:\/\/adcap.org.br\/index.php\/wp-json\/wp\/v2\/posts\/9288\/revisions"}],"wp:attachment":[{"href":"https:\/\/adcap.org.br\/index.php\/wp-json\/wp\/v2\/media?parent=9288"}],"wp:term":[{"taxonomy":"category","embeddable":true,"href":"https:\/\/adcap.org.br\/index.php\/wp-json\/wp\/v2\/categories?post=9288"},{"taxonomy":"post_tag","embeddable":true,"href":"https:\/\/adcap.org.br\/index.php\/wp-json\/wp\/v2\/tags?post=9288"}],"curies":[{"name":"wp","href":"https:\/\/api.w.org\/{rel}","templated":true}]}}