{"id":9258,"date":"2017-12-22T19:06:52","date_gmt":"2017-12-22T19:06:52","guid":{"rendered":"http:\/\/www.adcap.org.br\/?p=9258"},"modified":"2017-12-22T19:06:52","modified_gmt":"2017-12-22T19:06:52","slug":"retorno-da-diretoria-do-postalis","status":"publish","type":"post","link":"https:\/\/adcap.org.br\/index.php\/retorno-da-diretoria-do-postalis\/","title":{"rendered":"Retorno da Diretoria do Postalis"},"content":{"rendered":"<h1 style=\"text-align: center;\"><strong>Decis\u00e3o judicial suspende interven\u00e7\u00e3o\u00a0<\/strong><strong>no POSTALIS<\/strong><\/h1>\n<div>\n<p>&nbsp;<\/p>\n<p style=\"text-align: justify;\">Ontem (21\/12), o Diretor Superintendente da PREVIC, F\u00e1bio Henrique de Sousa Coelho, manteve contato telef\u00f4nico com a Presidente da ADCAP Nacional, Maria In\u00eas Capelli Fulginiti, para informar que a PREVIC recebera a notifica\u00e7\u00e3o\u00a0da decis\u00e3o judicial a respeito da interven\u00e7\u00e3o no POSTALIS e dando conhecimento do seu cumprimento imediato, formalizado em of\u00edcio \u00e0 Associa\u00e7\u00e3o.\n<\/p>\n<p style=\"text-align: justify;\">Veja aqui a \u00edntegra do Of\u00edcio da PREVIC:\u00a0<a href=\"http:\/\/emailmarketing.adcap.org.br\/accounts\/39849\/messages\/1044\/clicks\/[id]\/1313\">http:\/\/www.adcap.org.br\/wp-content\/uploads\/Oficio-2980_2017-PREVIC.pdf<\/a><\/p>\n<p style=\"text-align: justify;\">Em seguida, o POSTALIS publicou tamb\u00e9m uma nota a respeito.<\/p>\n<p>Acesse aqui a \u00edntegra da Nota do POSTALIS.\u00a0<a href=\"http:\/\/emailmarketing.adcap.org.br\/accounts\/39849\/messages\/1044\/clicks\/[id]\/1314\">http:\/\/www.postalis.org.br\/decisao-judicial-suspende-intervencao-no-postalis\/#.WjzVYoTyvXQ<\/a>\u00a0.<\/p>\n<p style=\"text-align: justify;\">\nCom isso, os diretores e conselheiros que haviam sido afastados retornar\u00e3o para os respectivos cargos e ter\u00e3o a oportunidade de demonstrar com seus atos e decis\u00f5es, o acerto desse retorno e que s\u00e3o capazes de superar essa intempestiva situa\u00e7\u00e3o e retomar uma gest\u00e3o profissional. E os novos conselheiros e diretor eleitos democraticamente pelos participantes e assistidos, ter\u00e3o oportunidade de tomar posse e de iniciar as suas atividades.<\/p>\n<p style=\"text-align: justify;\">Algumas expectativas da dire\u00e7\u00e3o da ADCAP agora s\u00e3o:<\/p>\n<p style=\"text-align: justify;\"><strong>a)<\/strong>\u00a0Que a Governan\u00e7a do instituto seja aperfei\u00e7oada e que os \u00f3rg\u00e3os colegiados atuem de forma harm\u00f4nica, respeitando as compet\u00eancias e atribui\u00e7\u00f5es de cada um;<\/p>\n<p style=\"text-align: justify;\"><strong>b)<\/strong>\u00a0Que seja intensificada, com o apoio inclusive de inst\u00e2ncias do Governo Federal, a cobran\u00e7a ao banco BNY Mellon, de forma a resolver esta quest\u00e3o, com um aporte expressivo de recursos nos planos de benef\u00edcios;<\/p>\n<p style=\"text-align: justify;\"><strong>c)<\/strong>\u00a0Que seja intensificada a cobran\u00e7a \u00e0 patrocinadora (Correios) da retomada do pagamento das parcelas da RTSA, suspenso a partir de recomenda\u00e7\u00f5es de \u00f3rg\u00e3os do Minist\u00e9rio do Planejamento e da Fazenda;<\/p>\n<p><strong>d)<\/strong>\u00a0Que a dire\u00e7\u00e3o mantenha permanente aten\u00e7\u00e3o com os custos do instituto, que devem ser os m\u00ednimos, em fun\u00e7\u00e3o da pr\u00f3pria situa\u00e7\u00e3o de desequil\u00edbrio do plano BD Saldado, e que prossigam com a\u00e7\u00f5es efetivas e amplas para a redu\u00e7\u00e3o desse custo, com peri\u00f3dica presta\u00e7\u00e3o de contas aos participantes e assistidos;<\/p>\n<p style=\"text-align: justify;\"><strong>e)<\/strong>\u00a0Que o comit\u00ea de investimentos do instituto seja extremamente rigoroso na sele\u00e7\u00e3o dos investimentos tendo em conta sempre que interfer\u00eancias pol\u00edticas n\u00e3o devem jamais rondar nosso patrim\u00f4nio.<\/p>\n<p style=\"text-align: justify;\">Com a retomada da regularidade estatut\u00e1ria, a ADCAP espera que o Postalis inicie uma nova fase em sua hist\u00f3ria com a\u00a0uni\u00e3o dos seus representantes nos \u00f3rg\u00e3os colegiados do POSTALIS em prol do objetivo maior que \u00e9 \u00a0recuperar os planos, acabar com a taxa de equacionamento e garantir uma aposentadoria tranquila para os aposentados, trabalhando com \u00e9tica, profissionalismo e retid\u00e3o nas suas decis\u00f5es.\n<\/p>\n<p style=\"text-align: right;\">\n<strong>Dire\u00e7\u00e3o Nacional da ADCAP.<\/strong><\/p>\n<\/div>\n","protected":false},"excerpt":{"rendered":"<p>Decis\u00e3o judicial suspende interven\u00e7\u00e3o\u00a0no POSTALIS &nbsp; Ontem (21\/12), o Diretor Superintendente da PREVIC, F\u00e1bio Henrique de Sousa Coelho, manteve contato telef\u00f4nico com a Presidente da ADCAP Nacional, Maria In\u00eas Capelli&hellip;<\/p>\n","protected":false},"author":3,"featured_media":0,"comment_status":"open","ping_status":"open","sticky":false,"template":"","format":"standard","meta":{"_editorskit_title_hidden":false,"_editorskit_reading_time":0,"_editorskit_is_block_options_detached":false,"_editorskit_block_options_position":"{}","footnotes":""},"categories":[5,44,26],"tags":[],"aioseo_notices":[],"_links":{"self":[{"href":"https:\/\/adcap.org.br\/index.php\/wp-json\/wp\/v2\/posts\/9258"}],"collection":[{"href":"https:\/\/adcap.org.br\/index.php\/wp-json\/wp\/v2\/posts"}],"about":[{"href":"https:\/\/adcap.org.br\/index.php\/wp-json\/wp\/v2\/types\/post"}],"author":[{"embeddable":true,"href":"https:\/\/adcap.org.br\/index.php\/wp-json\/wp\/v2\/users\/3"}],"replies":[{"embeddable":true,"href":"https:\/\/adcap.org.br\/index.php\/wp-json\/wp\/v2\/comments?post=9258"}],"version-history":[{"count":0,"href":"https:\/\/adcap.org.br\/index.php\/wp-json\/wp\/v2\/posts\/9258\/revisions"}],"wp:attachment":[{"href":"https:\/\/adcap.org.br\/index.php\/wp-json\/wp\/v2\/media?parent=9258"}],"wp:term":[{"taxonomy":"category","embeddable":true,"href":"https:\/\/adcap.org.br\/index.php\/wp-json\/wp\/v2\/categories?post=9258"},{"taxonomy":"post_tag","embeddable":true,"href":"https:\/\/adcap.org.br\/index.php\/wp-json\/wp\/v2\/tags?post=9258"}],"curies":[{"name":"wp","href":"https:\/\/api.w.org\/{rel}","templated":true}]}}