{"id":9233,"date":"2017-12-19T17:22:37","date_gmt":"2017-12-19T17:22:37","guid":{"rendered":"http:\/\/www.adcap.org.br\/?p=9233"},"modified":"2017-12-19T17:22:37","modified_gmt":"2017-12-19T17:22:37","slug":"adcap-net-19122017-plano-de-saude-dos-correios-banca-ate-os-pais-e-perde-r-18-bilhao-veja-mais","status":"publish","type":"post","link":"https:\/\/adcap.org.br\/index.php\/adcap-net-19122017-plano-de-saude-dos-correios-banca-ate-os-pais-e-perde-r-18-bilhao-veja-mais\/","title":{"rendered":"Adcap Net 19\/12\/2017 &#8211; Plano de sa\u00fade dos Correios banca at\u00e9 os pais e perde R$ 1,8 bilh\u00e3o &#8211; Veja mais!"},"content":{"rendered":"<h1 style=\"text-align: justify;\">Plano de sa\u00fade dos Correios banca at\u00e9 os pais e perde R$ 1,8 bilh\u00e3o<\/h1>\n<p style=\"text-align: justify;\">Folha SP<br \/>\n19\/12\/2017<\/p>\n<p style=\"text-align: justify;\">Se as despesas das estatais com planos de sa\u00fade j\u00e1 s\u00e3o altas, ao representar mais do que o dobro do setor privado nas modalidades mais caras, no caso dos <strong>Correios<\/strong> elas s\u00e3o mais do que o triplo.<\/p>\n<p>A assist\u00eancia bancada pela empresa por funcion\u00e1rio supera os R$ 12.000 por ano, j\u00e1 que o benef\u00edcio \u00e9 estendido n\u00e3o somente aos dependentes mas tamb\u00e9m aos pais e \u00e0s m\u00e3es dos empregados.<\/p>\n<p style=\"text-align: justify;\">Atualmente, os Correios t\u00eam 108 mil funcion\u00e1rios na ativa e 32 mil aposentados, mas paga as despesas de sa\u00fade de 400 mil pessoas. &#8220;No ano passado tivemos um preju\u00edzo de R$ 1,5 bilh\u00e3o&#8221;, afirmou o presidente dos Correios, Guilherme Campo. &#8220;O Postal Sa\u00fade [plano da estatal] teve um preju\u00edzo de R$ 1,8 bilh\u00e3o. Se essa situa\u00e7\u00e3o n\u00e3o for resolvida, o plano vai quebrar, e a empresa tamb\u00e9m.&#8221;<\/p>\n<p style=\"text-align: justify;\">A estatal vem tentando negociar, sem sucesso, um enxugamento do plano com os funcion\u00e1rios. Agora, a quest\u00e3o est\u00e1 no TST (Tribunal Superior do Trabalho) e ser\u00e1 julgada no in\u00edcio de 2018.<\/p>\n<p style=\"text-align: justify;\">Para a diretora de comunica\u00e7\u00e3o da Fentect (federa\u00e7\u00e3o dos trabalhadores dos Correios), Suzy Cristiny da Costa, \u00e9 uma &#8220;fal\u00e1cia&#8221; a possibilidade de a empresa quebrar.<\/p>\n<p style=\"text-align: justify;\">&#8220;O que existem s\u00e3o lan\u00e7amentos cont\u00e1beis que a empresa optou por fazer agora, com o objetivo de privatizar os Correios&#8221;, declarou.<\/p>\n<p style=\"text-align: justify;\">A Infraero informou que aprovou um novo modelo para seu plano de sa\u00fade, em que o empregado contribui de acordo com sua faixa salarial e et\u00e1ria. As mudan\u00e7as est\u00e3o sendo negociadas com os trabalhadores.<\/p>\n<h1 style=\"text-align: justify;\">GEST\u00c3O LEVIANA DEIXOU OS CORREIOS EM FRANGALHOS<\/h1>\n<p style=\"text-align: justify;\">Di\u00e1rio do Poder<br \/>\n19\/12\/17<\/p>\n<p style=\"text-align: justify;\">Gastando R$12 bilh\u00f5es por ano com funcion\u00e1rios, al\u00e9m de benef\u00edcios jamais vistos nem mesmo em sociedades socialistas, os <strong>Correios<\/strong> se encontram em situa\u00e7\u00e3o t\u00e3o ruim que nem a privatiza\u00e7\u00e3o a salvaria. Dificilmente apareceria comprador para uma empresa com servi\u00e7os em decl\u00ednio e 108 mil empregados com estabilidade no emprego, obrigada a bancar plano de sa\u00fade para 450 mil, incluindo at\u00e9 c\u00f4njuges e os pais.<\/p>\n<h1 style=\"text-align: justify;\">Correios j\u00e1 t\u00eam preju\u00edzo de R$ 2 bi no ano<\/h1>\n<p style=\"text-align: justify;\">VALOR ECON\u00d4MICO<br \/>\n19\/12\/17<\/p>\n<p style=\"text-align: justify;\">Mesmo ap\u00f3s uma s\u00e9rie de medidas para reduzir gastos, como fechamento de ag\u00eancias pr\u00f3prias e corte de patroc\u00ednios, o preju\u00edzo da estatal em 2017 j\u00e1 alcan\u00e7ava R$ 2,03 bilh\u00f5es at\u00e9 novembro 17% a mais do que o d\u00e9ficit do mesmo per\u00edodo do ano passado.<\/p>\n<p style=\"text-align: justify;\">A sangria financeira na Empresa Brasileira de <strong>Correios<\/strong> e Tel\u00e9grafos (ECT) n\u00e3o foi estancada pelo novo governo. Mesmo ap\u00f3s uma s\u00e9rie de medidas para reduzir gastos, como fechamento de ag\u00eancias pr\u00f3prias e corte de patroc\u00ednios, o preju\u00edzo da estatal em 2017 j\u00e1 alcan\u00e7ava R$ 2,03 bilh\u00f5es at\u00e9 novembro 17% a mais do que o d\u00e9ficit do mesmo per\u00edodo do ano passado.<\/p>\n<p style=\"text-align: justify;\">Ser\u00e1 o terceiro ano seguido no vermelho, superando todas as estimativas pessimistas feitas pelo pr\u00f3prio governo. Em meio \u00e0s discuss\u00f5es sobre uma eventual privatiza\u00e7\u00e3o dos Correios, a Secretaria de Coordena\u00e7\u00e3o e Governan\u00e7a das Empresas Estatais (Sest) apresentou ao Pal\u00e1cio do Planalto uma proje\u00e7\u00e3o que apontava preju\u00edzo de R$ 1,3 bilh\u00e3o neste ano.<\/p>\n<p style=\"text-align: justify;\">Em uma tentativa desesperada de inverter a trajet\u00f3ria, o ministro Gilberto Kassab (da Ci\u00eancia, Tecnologia, Inova\u00e7\u00f5es e Comunica\u00e7\u00f5es) cruzou a cidade e foi despachar na semana passada com o presidente do Tribunal Superior do Trabalho (TST), Ives Gandra Martins Filho.<\/p>\n<p style=\"text-align: justify;\">Os Correios vinculados ao Minist\u00e9rio das Comunica\u00e7\u00f5es judicializaram sua disputa com sindicatos em torno do Postal Sa\u00fade, empresa respons\u00e1vel pela gest\u00e3o do conv\u00eanio m\u00e9dico dos trabalhadores, que representa mais de 80% do rombo acumulado nos \u00faltimos tr\u00eas exerc\u00edcios.<\/p>\n<p style=\"text-align: justify;\">As duas partes passaram o ano inteiro buscando um acordo, mas as tentativas de media\u00e7\u00e3o do TST fracassaram por causa da resist\u00eancia dos sindicatos \u00e0 proposta dos Correios. A companhia acaba de entrar com uma a\u00e7\u00e3o judicial para reduzir seus aportes e Kassab foi pedir a Ives Gandra que o julgamento ocorra logo no in\u00edcio de 2018. Quanto mais a agonia se prolongar, conforme advertiu o ministro na conversa, mais perto se estar\u00e1 do colapso.<\/p>\n<p style=\"text-align: justify;\">A cada R$ 100 com gastos do plano de sa\u00fade, os Correios bancam R$ 93 e os trabalhadores arcam com R$ 7. Hoje o benef\u00edcio abrange funcion\u00e1rios da ativa e aposentados, mas se estende nas mesmas condi\u00e7\u00f5es para c\u00f4njuges, filhos e pais. Na a\u00e7\u00e3o judicial, a estatal pleiteia bancar 100% dos gastos, mas restritos aos empregados (ativos ou inativos), sem dependentes. Disp\u00f5e-se ainda a transferir 15% do resultado l\u00edquido em caso de lucro para abater os custos do conv\u00eanio.<\/p>\n<p style=\"text-align: justify;\">&#8220;\u00c9 essencial para o nosso equil\u00edbrio e a nossa sustentabilidade&#8221;, disse o presidente da ECT, Guilherme Campos, que relativiza o d\u00e9ficit verificado neste ano. Para ele, o resultado foi muito prejudicado pelo programa de demiss\u00f5es volunt\u00e1rias, que teve a ades\u00e3o total de mais de 6 mil pessoas. A reserva cont\u00e1bil para o pagamento dos incentivos \u00e0s demiss\u00f5es est\u00e1 sendo feita no balan\u00e7o de 2017. Ela representa uma despesa adicional de R$ 1,2 bilh\u00e3o nas contas, mas sem o mesmo impacto imediato no fluxo de caixa porque as indeniza\u00e7\u00f5es s\u00e3o parceladas em oito anos.<\/p>\n<p style=\"text-align: justify;\">&#8220;Sem o PDV e as despesas com o Postal Sa\u00fade, estar\u00edamos terminando este ano praticamente no zero a zero&#8221;, afirmou o presidente. Segundo ele, isso significa que as medidas de austeridade e racionaliza\u00e7\u00e3o tiveram reflexo. Houve fechamento de ag\u00eancias aos s\u00e1bados, redu\u00e7\u00e3o do n\u00famero de unidades da rede pr\u00f3pria (sem mexer nas franqueadas), corte de patroc\u00ednios culturais e esportivos, adiamento de f\u00e9rias para trabalhadores a fim de economizar com o adicional, que \u00e9 de 70% (e n\u00e3o 30%), por acordo coletivo.<\/p>\n<p style=\"text-align: justify;\">Muitos sindicatos e associa\u00e7\u00f5es de empregados, por\u00e9m, desconfiam que a cartilha apregoada por Campos ex-deputado federal e hoje vice-presidente nacional do PSD busca deteriorar as contas da empresa t\u00e3o somente para tornar menos complicada sua privatiza\u00e7\u00e3o no futuro.<\/p>\n<p style=\"text-align: justify;\">Eles apontam que algumas iniciativas promissoras ficaram estancadas ou tiveram pouco avan\u00e7o. Um projeto de lei apresentado em maio pela deputada Maria do Ros\u00e1rio (PTRS) d\u00e1 \u00e0 administra\u00e7\u00e3o p\u00fablica federal a prerrogativa de contratar diretamente os Correios para servi\u00e7os postais. &#8220;Estimativas menos otimistas da pr\u00f3pria estatal calculam o valor de R$ 20 bilh\u00f5es [como potencial de receitas]&#8221;, afirmam Maria do Ros\u00e1rio e os demais coautores do projeto.<\/p>\n<p style=\"text-align: justify;\">Um aspecto destacado pelos cr\u00edticos \u00e9 a queda em torno de 5% nas receitas da empresa. A tentativa de relicita\u00e7\u00e3o do Banco Postal, que engordava o caixa dos Correios, fracassou. Concorrentes no mercado de encomendas expressas, que n\u00e3o constituem monop\u00f3lio, tamb\u00e9m avan\u00e7am.<\/p>\n<p style=\"text-align: justify;\">Diante dos tr\u00eas anos seguidos de preju\u00edzo que j\u00e1 totalizam mais de R$ 6 bilh\u00f5es , os indicadores operacionais sofreram um tombo. O n\u00famero de indeniza\u00e7\u00f5es por perdas, atrasos e roubos de objetos saltou de 7.534 em 2015 para 12.434 em 2017 (at\u00e9 outubro). Houve aumento de R$ 140 milh\u00f5es para R$ 187 milh\u00f5es, na mesma compara\u00e7\u00e3o, como forma de reparo aos clientes.<\/p>\n<h1 style=\"text-align: justify;\">Quest\u00e3o de tempo<\/h1>\n<p style=\"text-align: justify;\">O GLOBO<br \/>\n19\/12\/17<\/p>\n<p style=\"text-align: justify;\">No per\u00edodo 2006 a 2011, levaram os <strong>Correios<\/strong> a perder mais de 90% do seu patrim\u00f4nio l\u00edquido<\/p>\n<p style=\"text-align: justify;\">O governo j\u00e1 sabe que os Correios devem come\u00e7ar 2018 em situa\u00e7\u00e3o financeira muito cr\u00edtica.<\/p>\n<p style=\"text-align: justify;\">A previs\u00e3o \u00e9 de que neste ano o rombo (passivo a descoberto) ser\u00e1 recorde e s\u00f3 poder\u00e1 ser atenuado com inje\u00e7\u00e3o emergencial de dinheiro, direto do Tesouro.<\/p>\n<p style=\"text-align: justify;\">Em an\u00e1lise das contas da estatal nos \u00faltimos seis anos, a Controladoria Geral da Uni\u00e3o concluiu que os preju\u00edzos acumulados, no per\u00edodo 2006 a 2011, levaram os Correios a perder mais de 90% do seu patrim\u00f4nio l\u00edquido.<\/p>\n<p style=\"text-align: justify;\">No relat\u00f3rio \u00e0 Presid\u00eancia da Rep\u00fablica, a Controladoria deixa claro que \u00e9 real o \u201crisco \u00e0 continuidade operacional\u201d.<\/p>\n<p style=\"text-align: justify;\">No Pal\u00e1cio do Planalto, discute-se se a decis\u00e3o de privatizar a empresa deve ser tomada ainda no primeiro trimestre ou deixada para o sucessor de Michel Temer.<\/p>\n<h1 style=\"text-align: justify;\">MPT v\u00ea ass\u00e9dio moral e abuso de presidente dos Correios contra funcion\u00e1rios<\/h1>\n<p style=\"text-align: justify;\">JOTA<br \/>\n18\/12\/17<\/p>\n<p style=\"text-align: justify;\">Minist\u00e9rio P\u00fablico do Trabalho afirma que o presidente dos <strong>Correios<\/strong>, Guilherme Campos, praticou ass\u00e9dio moral e abuso numa a\u00e7\u00e3o para for\u00e7ar funcion\u00e1rios a aderirem ao plano de demiss\u00e3o volunt\u00e1ria da empresa.<\/p>\n<p>A avalia\u00e7\u00e3o consta no parecer da procuradora do Trabalho, Renata Coelho, enviado ao Tribunal Regional do Trabalho da 10\u00aa Regi\u00e3o na a\u00e7\u00e3o civil p\u00fablica movida pela Associa\u00e7\u00e3o dos Profissionais dos Correios, com pedidos de danos morais, contra o presidente da empresa. Para a entidades, declara\u00e7\u00f5es de Campos \u00e0 imprensa configuram ass\u00e9dio e coa\u00e7\u00e3o aos trabalhadores. O presidente dos Correios nega.<\/p>\n<p>Segundo o MP, houve um movimento do presidente dos Correios para for\u00e7ar moralmente e economicamente trabalhadores a aderirem ao PDV sob pena de sofrerem medidas duras como a altera\u00e7\u00e3o do plano de sa\u00fade.<\/p>\n<p>\u201cO r\u00e9u agiu de forma pessoal e il\u00edcita ao buscar os mais variados meios para propagar ideias que incutiram temor e inseguran\u00e7a. N\u00e3o tinha dever de faz\u00ea-lo, n\u00e3o era necess\u00e1rio \u00e0 sua gest\u00e3o que o fizesse e n\u00e3o pode, por isso, escusar-se sob o manto da pessoa jur\u00eddica que gere. Em verdade praticou verdadeiro ass\u00e9dio moral, cometeu abuso, excedeu sua esfera de atribui\u00e7\u00f5es e invadiu a esfera moral dos trabalhadores. Respons\u00e1vel \u00e9, ainda que estivessem os Correios como co-r\u00e9u. N\u00e3o foi o cargo ou a organiza\u00e7\u00e3o que o obrigou a praticar os atos danosos e sim o r\u00e9u que se valeu do cargo e das informa\u00e7\u00f5es privilegiadas que possu\u00eda para chamar a m\u00eddia e por meio dela cometer abuso e gerar terror com amea\u00e7as\u201d, escreveu a procuradora.<\/p>\n<p>\u201cInadmiss\u00edvel pensar que um gestor possa praticar todo e qualquer ato em seu cargo e adquira uma esp\u00e9cie de imunidade ampla e irrestrita, fazendo com que o ente da administra\u00e7\u00e3o p\u00fablica, seja direita ou indireta, arque sozinho com todas as consequ\u00eancias de ilicitudes\u201d, completou.<\/p>\n<p>Na avalia\u00e7\u00e3o da procuradora, Campos se valeu do cargo e das informa\u00e7\u00f5es privilegiadas que possu\u00eda para \u201cchamar a m\u00eddia e por meio dela cometer abuso e gerar terror com amea\u00e7as\u201d. \u201cN\u00e3o foi o cargo ou a organiza\u00e7\u00e3o que o obrigou a praticar os atos danosos\u201d, disse.<\/p>\n<p>Segundo a advogada Karoline Martins, que representa a ADCAP pelo escrit\u00f3rio Cezar Britto &amp; Advogados Associados, as declara\u00e7\u00f5es do presidente dos Correios s\u00e3o temer\u00e1rias e n\u00e3o deveriam ser proferidas por um gestor p\u00fablico que comanda uma das maiores empresas do pa\u00eds.<\/p>\n<p>\u201cO senhor Guilherme Campos, em suas falas \u00e0 imprensa, de car\u00e1ter bastante ofensivo, tenta justificar o d\u00e9ficit financeiro da empresa culpando os trabalhadores. Por\u00e9m, h\u00e1 dados reunidos por federa\u00e7\u00f5es e sindicatos, que representam os trabalhadores dos Correios, que comprovam que este d\u00e9ficit \u00e9 fruto de sucessivos atos de m\u00e1 gest\u00e3o\u201d.<\/p>\n<p>Uma das declara\u00e7\u00f5es questionadas \u00e9 de abril, quando Campos afirmou : \u201ctemos um estudo encomendado e a possibilidade de demiss\u00e3o motivada ainda est\u00e1 na pauta. A empresa n\u00e3o tem condi\u00e7\u00f5es de arcar com a sua folha de pagamento\u201d.<\/p>\n<p>\u00c0 Justi\u00e7a do Trabalho, a defesa de Campos afirmou que \u201cn\u00e3o existe amea\u00e7a perpetrada, o que existe \u00e9 uma realidade de crise econ\u00f4mico-financeira enfrentada pela ECT, sendo que os n\u00fameros n\u00e3o mentem. [\u2026] Logo, n\u00e3o h\u00e1 que se falar em amea\u00e7a para ades\u00e3o ao Plano de Demiss\u00e3o Incentivada \u2013 PDI, mesmo porque a Autora n\u00e3o produz qualquer prova de que seus associados tenham sido imbu\u00eddos de \u201cuma falsa sensa\u00e7\u00e3o de \u00fanica op\u00e7\u00e3o segura\u201d.<\/p>\n<p>\u201cVeja-se, sob o aspecto financeiro, que em 2012 o d\u00e9ficit da ECT foi de R$ 949 milh\u00f5es; em 2013, de R$ 1,6 bilh\u00e3o; em 2014, de R$ 1,4 bilh\u00e3o; em 2015, R$ 1,7 bilh\u00e3o; em 2016, R$ 16 milh\u00f5es, e em 2017, j\u00e1 acumula R$ 487 milh\u00f5es.\u201d<\/p>\n<p>\u201cEm decorr\u00eancia desses resultados, aliados \u00e0s expectativas futuras de resultados da ECT, que mant\u00eam a tend\u00eancia de d\u00e9ficit de fluxo de caixa, durante o ano 2016 promoveram-se a\u00e7\u00f5es no sentido de captar recursos financeiros por meio de opera\u00e7\u00e3o de cr\u00e9dito, na modalidade de Capital de Giro, no valor de R$ 750 milh\u00f5es, que dever\u00e1 ser pago com juros. Consoante demonstrado alhures, a situa\u00e7\u00e3o econ\u00f4mica-financeira da ECT passa por um momento de extrema delicadeza, ao que v\u00e1rias medidas t\u00eam sido adotadas com o objetivo de amenizar o deficit das contas e oportunizar a continuidade da presta\u00e7\u00e3o dos servi\u00e7os postais e garantia dos empregos dos mais de 100.000 (cem mil) empregados desta Empresa P\u00fablica\u201d. (Fonte: JOTA 18\/12\/17)<\/p>\n<h1 style=\"text-align: justify;\">Contratos dos Correios com consultoria chegam a 80 milh\u00f5es<\/h1>\n<p style=\"text-align: justify;\">O Antagonista<br \/>\n18.12.17<\/p>\n<p style=\"text-align: justify;\">Os <strong>Correios<\/strong> tamb\u00e9m assinaram com a Accenture contrato de R$ 44,4 milh\u00f5es para \u201cconsultoria t\u00e9cnica-especializada visando o assessoramento e orienta\u00e7\u00e3o \u00e0 CorreiosPar no processo de estrutura\u00e7\u00e3o de neg\u00f3cios e de opera\u00e7\u00f5es de M&amp;A\u201d.<\/p>\n<p>O valor se soma aos R$ 35,58 milh\u00f5es de outro contrato com a mesma consultoria para ajudar no processo de \u201ctransforma\u00e7\u00e3o\u201d dos Correios, seja l\u00e1 o que isso signifique.<\/p>\n<p style=\"text-align: justify;\">Os dois contratos somados chegam a R$ 80 milh\u00f5es. Essa consultoria deve ser boa mesmo.<\/p>\n<h1>Aportes para bancar estatais dependentes somaram R$ 13,35 bi em 2016<\/h1>\n<p style=\"text-align: justify;\">ESTAD\u00c3O<br \/>\n18\/12\/17<\/p>\n<p style=\"text-align: justify;\">Informa\u00e7\u00e3o foi divulgada em boletim do Tesouro Nacional; de 2012 ao ano passado, a empresa que mais recebeu recursos foi a Embrapa, com inje\u00e7\u00f5es de R$ 12,6 bilh\u00f5es no total<\/p>\n<p style=\"text-align: justify;\">Os aportes do Tesouro Nacional para bancar as atividades estatais dependentes continuaram crescendo em 2016 e atingiram R$ 13,35 bilh\u00f5es, segundo a primeira edi\u00e7\u00e3o do boletim &#8220;Aspectos Fiscais do Relacionamento entre o Tesouro Nacional e as suas Participa\u00e7\u00f5es Societ\u00e1rias&#8221;, divulgada nesta segunda-feira, 18, pelo \u00f3rg\u00e3o. \u00c9 o maior valor desde 2012, quando as subven\u00e7\u00f5es injetadas pelo Tesouro somaram R$ 6,5 bilh\u00f5es.<\/p>\n<p style=\"text-align: justify;\">As empresas estatais dependentes s\u00e3o aquelas que t\u00eam custos bancados com recursos do Or\u00e7amento Federal. Suas receitas pr\u00f3prias n\u00e3o s\u00e3o suficientes para bancar as atividades. Por isso, elas precisam de ajuda do Tesouro.<\/p>\n<p style=\"text-align: justify;\">O que o boletim mostra \u00e9 que esse socorro cresceu ano a ano desde 2012, at\u00e9 atingir um recorde no ano passado, justamente em meio \u00e0 crise fiscal e \u00e0 necessidade crescente de o governo se endividar para bancar seus pr\u00f3prios d\u00e9ficits.<\/p>\n<p style=\"text-align: justify;\">Sem reforma da Previd\u00eancia, perderemos a confian\u00e7a do mercado, diz secret\u00e1ria do Tesouro.<\/p>\n<p style=\"text-align: justify;\">Aportes. A Uni\u00e3o controla 16 estatais dependentes de forma direta e outras duas de forma indireta, por meio de uma autarquia. Entre 2012 e 2016, essas empresas, que atuam em diferentes setores, receberam no total R$ 49,1 bilh\u00f5es em subven\u00e7\u00f5es do Tesouro.<\/p>\n<p style=\"text-align: justify;\">A empresa que mais recebeu recursos nesse per\u00edodo foi a Embrapa (R$ 12,6 bilh\u00f5es), seguida pela Empresa Brasileira de Servi\u00e7os Hospitalares (EBSERH), que recebeu R$ 5,5 bilh\u00f5es, e pelo Hospital Nossa Senhora da Concei\u00e7\u00e3o (HNSC), que contou com R$ 4,6 bilh\u00f5es de subven\u00e7\u00e3o.<\/p>\n<p style=\"text-align: justify;\">No conjunto de todas as estatais (n\u00e3o s\u00f3 as dependentes), o governo tem tido um custo muito maior do que o retorno (sobretudo em dividendos). Entre 2012 e 2016, apenas em um ano essa rela\u00e7\u00e3o foi positiva, maior que 1 (1,36 em 2014). Em todos os outros anos, a rela\u00e7\u00e3o ficou abaixo de 1, o que indica disp\u00eandios superiores aos retornos obtidos.<\/p>\n<p style=\"text-align: justify;\">O ano passado foi o pior em termos da rela\u00e7\u00e3o retorno x custo. Ficou em 0,20. &#8220;Essa evolu\u00e7\u00e3o est\u00e1 associada, no per\u00edodo entre 2012 e 2016, ao aumento continuado dos gastos com subven\u00e7\u00e3o e \u00e0 queda das receitas com dividendos&#8221;, afirma o boletim.<\/p>\n<p>Os custos incluem n\u00e3o s\u00f3 as subven\u00e7\u00f5es para as estatais dependentes mas tamb\u00e9m a inje\u00e7\u00e3o de capital por meio de instrumentos h\u00edbridos de capital e d\u00edvida (IHCDs) e de adiantamentos para futuro aumento de capital (AFACs).<\/p>\n<p style=\"text-align: justify;\">&#8220;Cabe ressaltar que a melhoria do desempenho das empresas em 2017 aponta para a eleva\u00e7\u00e3o da estimativa de receitas com dividendos, ainda que n\u00e3o o suficiente para superar as despesas com subven\u00e7\u00f5es, as quais continuam se mantendo em patamares bastante elevados&#8221;, diz o documento.<\/p>\n<p style=\"text-align: justify;\">Risco. <strong>Correios<\/strong> e Infraero s\u00e3o estatais n\u00e3o dependentes, mas correm o risco de passarem a depender do Tesouro Nacional para sustentar suas opera\u00e7\u00f5es. O boletim n\u00e3o menciona diretamente essa possibilidade, mas reconhece que a situa\u00e7\u00e3o financeira dessas empresas \u00e9 dif\u00edcil. Ambas v\u00eam tendo preju\u00edzos seguidos desde 2013.<\/p>\n<p style=\"text-align: justify;\">O governo criou um grupo de trabalho para discutir a situa\u00e7\u00e3o dos <strong>Correios<\/strong> no ano passado. A finalidade do grupo, segundo o boletim, \u00e9 &#8220;propor e acompanhar a ado\u00e7\u00e3o de medidas para garantir a sustentabilidade operacional da empresa&#8221;.<\/p>\n<p style=\"text-align: justify;\">Entre essas iniciativas est\u00e3o a implementa\u00e7\u00e3o do plano de demiss\u00e3o incentivada, a recomposi\u00e7\u00e3o tarif\u00e1ria, a renova\u00e7\u00e3o do contrato do Banco Postal com o Banco do Brasil, a racionaliza\u00e7\u00e3o da estrutura e da rede de ag\u00eancias e a moderniza\u00e7\u00e3o da companhia.<\/p>\n<p style=\"text-align: justify;\">A Infraero, por sua vez, tem registrado preju\u00edzos recorrentes &#8220;em fun\u00e7\u00e3o da redu\u00e7\u00e3o do movimento operacional de passageiros, aeronaves e carga a\u00e9rea, assim como da perda de receitas resultante da concess\u00e3o dos seus principais aeroportos sem a correspondente redu\u00e7\u00e3o de despesas na mesma magnitude, sobretudo de pessoal&#8221;.<\/p>\n<p style=\"text-align: justify;\">Segundo o boletim, est\u00e3o sendo adotadas medidas de saneamento da empresa, com reflexo na redu\u00e7\u00e3o do preju\u00edzo em 2016.<\/p>\n<p style=\"text-align: justify;\">O governo enviou ao Congresso Nacional recentemente um projeto de lei para criar um programa de recupera\u00e7\u00e3o e melhora empresarial para evitar que mais estatais federais passem a depender de recursos p\u00fablicos para se manter. As empresas v\u00e3o ter indicadores econ\u00f4micos e financeiros monitorados para que seja poss\u00edvel aplicar medidas pr\u00e9vias, que evitem a piora da situa\u00e7\u00e3o das companhias. &#8220;\u00c9 uma esp\u00e9cie de &#8216;recupera\u00e7\u00e3o judicial&#8217; das estatais&#8221;, comparou o secret\u00e1rio de Coordena\u00e7\u00e3o e Governan\u00e7a das Empresas Estatais do Minist\u00e9rio do Planejamento, Fernando Ribeiro Soares, em entrevista ao Broadcast no in\u00edcio de dezembro.<\/p>\n<h1 style=\"text-align: justify;\">Crise econ\u00f4mica reduz ades\u00e3o \u00e0 campanha de Natal dos Correios<\/h1>\n<p style=\"text-align: justify;\">A Tarde<br \/>\n17\/12\/17<\/p>\n<p style=\"text-align: justify;\">Em um papel em branco, Gabriel, 4 anos, rabiscou um dinossauro com l\u00e1pis azul e amarelo. Em outro, Beatriz, 8, escreveu uma lista extensa com, pelo menos, oito sugest\u00f5es de presentes, que v\u00e3o desde uma boneca at\u00e9 um tablet de \u00faltima gera\u00e7\u00e3o, alegando bom comportamento durante o ano. J\u00e1 Jo\u00e3o, 9, pediu um brinquedo para ele e outro para o irm\u00e3o ca\u00e7ula, para evitar brigas dentro de casa.<\/p>\n<p>Estas e cerca de outras 24 mil cartas da campanha Papai Noel dos <strong>Correios<\/strong> foram disponibilizadas para ado\u00e7\u00e3o este ano, em Salvador. A crise econ\u00f4mica, no entanto, pode comprometer a realiza\u00e7\u00e3o dos desejos de todos os alunos de 130 escolas municipais da cidade e crian\u00e7as em estado de vulnerabilidade social selecionadas para participar da iniciativa.<\/p>\n<p>At\u00e9 a \u00faltima semana, apenas 50% da totalidade de cartas haviam sido resgatadas na ag\u00eancia central dos Correios de Salvador, localizada na Pituba. A quantidade, de acordo com a coordena\u00e7\u00e3o da campanha na capital, \u00e9 considerada pequena se comparada aos anos anteriores, quando, \u00e0s v\u00e9speras do Natal, mais 20 mil pedidos j\u00e1 estavam sob a posse dos padrinhos.Em contrapartida, o n\u00famero de pedidos tamb\u00e9m aumentou. O respons\u00e1vel pela coordena\u00e7\u00e3o da iniciativa no estado, Nelson Jorge Santana, tamb\u00e9m atribui este aumento \u00e0 situa\u00e7\u00e3o econ\u00f4mica do pa\u00eds. &#8220;Notamos, este ano, que cresceu a quantidade de pedidos de itens b\u00e1sicos, como materiais escolares, roupas e sapatos. Nas cartas, muitas crian\u00e7as relatam, tamb\u00e9m, que os pais est\u00e3o desempregados&#8221;, afirmou.<\/p>\n<p>A maioria das cerca de 10 mil pessoas que adotou as cartinhas, por\u00e9m, tem pressa em realizar o desejo das crian\u00e7as: at\u00e9 a \u00faltima quinta-feira, sete mil presentes j\u00e1 haviam sido entregues na ag\u00eancia central da Pituba para, posteriormente, serem entregues \u00e0s escolas onde as crian\u00e7as estudam. Os que ainda n\u00e3o deixaram os presentes na ag\u00eancia t\u00eam at\u00e9 amanh\u00e3 para faz\u00ea-lo.<\/p>\n<p>Padrinhos<br \/>\nO n\u00famero de cartinhas adotadas, este ano, pode n\u00e3o ter sido contemplada a contento em compara\u00e7\u00e3o aos anos anteriores, no entanto, no que depender da professora da rede municipal Nair Lima, 40 anos, boa parte dos alunos da escola onde trabalha n\u00e3o vai ser esquecida por Papai Noel.Na \u00faltima semana, ela mobilizou amigos e parentes pr\u00f3ximos e os convenceu a participar de uma rede de solidariedade: cada um deveria escolher um dos pedidos da campanha vindos dos seus alunos.<\/p>\n<p>&#8220;Eu, melhor que qualquer pessoa, conhe\u00e7o a realidade dos meus alunos. Parte deles n\u00e3o deve ganhar presente de Natal, pois os pais n\u00e3o t\u00eam condi\u00e7\u00f5es. Ent\u00e3o, resolvi convocar alguns amigos para me ajudar nesta empreitada&#8221;, disse.<\/p>\n<p>Nesta semana, os garotos receber\u00e3o os presentes das m\u00e3os do Papai Noel, sem nem imaginar que os mimos chegaram por meio da &#8220;pr\u00f3&#8221; Nair. Ela garante que o presente, na verdade, quem ganha \u00e9 ela. &#8220;Nada neste mundo paga o sorriso dessas crian\u00e7as. \u00c9 um prazer sem medida&#8221;, garantiu.<\/p>\n<p>Todos os anos, Sueni Velena Cardoso Costa, 40, participa da campanha Papai Noel dos Correios. Este ano, ela escolheu uma carta que a tocou: no papel colorido, a crian\u00e7a pedia material escolar para poder estudar no pr\u00f3ximo ano.<\/p>\n<p>&#8220;Este ano, eu dei prefer\u00eancia a esta carta porque me tocou bastante o pedido dela. A crian\u00e7a se privou de pedir um brinquedo, como muitas outras, para garantir seus estudos. Minha vontade era de conseguir realizar o desejo de muito mais crian\u00e7as&#8221;, disse.<\/p>\n<p>INICIATIVA RECEBE PEDIDOS INUSITADOS<\/p>\n<p style=\"text-align: justify;\">Entre uma infinidade de cartas, os brinquedos e aparelhos tecnol\u00f3gicos est\u00e3o entre os pedidos mais recorrentes. No entanto, a campanha, desde a cria\u00e7\u00e3o, h\u00e1 28 anos, tem recebido pedidos inusitados.<\/p>\n<p>Este ano, chamaram a aten\u00e7\u00e3o da coordena\u00e7\u00e3o duas cartas. Em uma delas, a menina Sophia, 2, pede um fog\u00e3o para a m\u00e3e. Na carta, escrita pela m\u00e3e da crian\u00e7a, ela narra um cen\u00e1rio de tristeza por n\u00e3o poder utilizar o equipamento para preparar as refei\u00e7\u00f5es da crian\u00e7a.<\/p>\n<p>\u201cMinha m\u00e3e, que est\u00e1 desempregada, cozinha, muitas vezes, em um fog\u00e3o a lenha improvisado no quintal de casa e n\u00e3o pode fazer o meu mingau do jeito que ela queria\u201d, afirma a m\u00e3e da crian\u00e7a, que escreve em nome de Sophia. Segundo a coordena\u00e7\u00e3o da campanha, o pedido da garotinha foi adotado na \u00faltima semana.<\/p>\n<p>A aposentada Carmelita dos Santos Montes, 70, foi \u00e0 sede dos Correios para depositar um pedido: reencontrar as duas irm\u00e3s, que perderam o contato com ela h\u00e1 mais de 50 anos. Natural de Ilh\u00e9us, a idosa contou que espera ganhar este presente de Natal: \u201cVi na televis\u00e3o a campanha e resolvi pedir ao Papai Noel para me ajudar. Gostaria muito de rev\u00ea-las\u201d.\n<\/p>\n<p style=\"text-align: right;\"><strong>Dire\u00e7\u00e3o Nacional da ADCAP.<\/strong><\/p>\n","protected":false},"excerpt":{"rendered":"<p>Plano de sa\u00fade dos Correios banca at\u00e9 os pais e perde R$ 1,8 bilh\u00e3o Folha SP 19\/12\/2017 Se as despesas das estatais com planos de sa\u00fade j\u00e1 s\u00e3o altas, ao&hellip;<\/p>\n","protected":false},"author":3,"featured_media":0,"comment_status":"open","ping_status":"open","sticky":false,"template":"","format":"standard","meta":{"_editorskit_title_hidden":false,"_editorskit_reading_time":0,"_editorskit_is_block_options_detached":false,"_editorskit_block_options_position":"{}","footnotes":""},"categories":[3,43,26],"tags":[],"aioseo_notices":[],"_links":{"self":[{"href":"https:\/\/adcap.org.br\/index.php\/wp-json\/wp\/v2\/posts\/9233"}],"collection":[{"href":"https:\/\/adcap.org.br\/index.php\/wp-json\/wp\/v2\/posts"}],"about":[{"href":"https:\/\/adcap.org.br\/index.php\/wp-json\/wp\/v2\/types\/post"}],"author":[{"embeddable":true,"href":"https:\/\/adcap.org.br\/index.php\/wp-json\/wp\/v2\/users\/3"}],"replies":[{"embeddable":true,"href":"https:\/\/adcap.org.br\/index.php\/wp-json\/wp\/v2\/comments?post=9233"}],"version-history":[{"count":0,"href":"https:\/\/adcap.org.br\/index.php\/wp-json\/wp\/v2\/posts\/9233\/revisions"}],"wp:attachment":[{"href":"https:\/\/adcap.org.br\/index.php\/wp-json\/wp\/v2\/media?parent=9233"}],"wp:term":[{"taxonomy":"category","embeddable":true,"href":"https:\/\/adcap.org.br\/index.php\/wp-json\/wp\/v2\/categories?post=9233"},{"taxonomy":"post_tag","embeddable":true,"href":"https:\/\/adcap.org.br\/index.php\/wp-json\/wp\/v2\/tags?post=9233"}],"curies":[{"name":"wp","href":"https:\/\/api.w.org\/{rel}","templated":true}]}}