{"id":8979,"date":"2017-08-01T23:59:29","date_gmt":"2017-08-01T23:59:29","guid":{"rendered":"http:\/\/www.adcap.org.br\/?p=8979"},"modified":"2017-08-02T00:00:29","modified_gmt":"2017-08-02T00:00:29","slug":"presidente-dos-correios-responde-na-justica-por-danos-morais-coletivos","status":"publish","type":"post","link":"https:\/\/adcap.org.br\/index.php\/presidente-dos-correios-responde-na-justica-por-danos-morais-coletivos\/","title":{"rendered":"Presidente dos Correios, responde na justi\u00e7a por danos morais coletivos"},"content":{"rendered":"<h1 style=\"text-align: center;\"><strong>Guilherme Campos, atual presidente dos Correios, responde na<\/strong><\/h1>\n<h1 style=\"text-align: center;\"><strong>justi\u00e7a por danos morais coletivos e atrai blogueiros simp\u00e1ticos<\/strong><\/h1>\n<h1 style=\"text-align: center;\"><strong>a suas atrocidades<\/strong><\/h1>\n<p style=\"text-align: justify;\">\nNo \u00faltimo dia 31\/07\/2017, \u00e0s 13h06, a presidente da ADCAP Nacional, Maria In\u00eas Capelli Fulginiti, participou de audi\u00eancia inicial de concilia\u00e7\u00e3o, na 15\u00aa Vara do Trabalho de Bras\u00edlia\/ DF, relativa ao processo n\u00b0 0000848-45.2017.5.10.0015 \u2013 a\u00e7\u00e3o de Danos Morais Coletivos em face do Sr. Guilherme Campos Junior. Na ocasi\u00e3o, o r\u00e9u n\u00e3o apresentou proposta de concilia\u00e7\u00e3o, ficando deliberado o prosseguimento do feito at\u00e9 as audi\u00eancias de instru\u00e7\u00e3o e julgamento, com posterior pronuncia\u00e7\u00e3o da senten\u00e7a.<\/p>\n<p style=\"text-align: justify;\">Tal a\u00e7\u00e3o decorre das constantes declara\u00e7\u00f5es do Sr. Guilherme Campos Junior, junto aos meios de comunica\u00e7\u00e3o, denegrindo a imagem da empresa e expondo os empregados a situa\u00e7\u00f5es constrangedoras, de instabilidade, com clara ofensa \u00e0 personalidade, dignidade e, principalmente, a sua integridade ps\u00edquica.<\/p>\n<p style=\"text-align: justify;\">Casualmente (ou n\u00e3o) logo ap\u00f3s a referida audi\u00eancia, \u00e0s 15h27 desse dia, deparamo-nos com a seguinte publica\u00e7\u00e3o no blog \u201cO Antagonista\u201d:<\/p>\n<p style=\"text-align: center;\"><a href=\"http:\/\/www.adcap.org.br\/wp-content\/uploads\/NEWS.jpg\" data-rel=\"penci-gallery-image-content\" ><img decoding=\"async\" loading=\"lazy\" class=\"aligncenter wp-image-8980 size-full\" src=\"http:\/\/www.adcap.org.br\/wp-content\/uploads\/NEWS.jpg\" alt=\"\" width=\"706\" height=\"521\" srcset=\"https:\/\/adcap.org.br\/wp-content\/uploads\/NEWS.jpg 706w, https:\/\/adcap.org.br\/wp-content\/uploads\/NEWS-300x221.jpg 300w, https:\/\/adcap.org.br\/wp-content\/uploads\/NEWS-585x432.jpg 585w\" sizes=\"(max-width: 706px) 100vw, 706px\" \/><\/a><\/p>\n<p style=\"text-align: center;\"><a href=\"http:\/\/emailmarketing.adcap.org.br\/accounts\/39849\/messages\/955\/clicks\/[id]\/1205\">http:\/\/www.oantagonista.com\/posts\/pelegos-dos-correios-desesperados<\/a><\/p>\n<p>Assim, cabe esclarecer que:<\/p>\n<p style=\"text-align: justify;\">1. A ADCAP nunca &#8220;mamou&#8221; nem \u00e9 ligada a nenhum partido pol\u00edtico, seja PMDB, PT, PDT, PSD ou qualquer outra legenda. Inclusive foi e ainda \u00e9 perseguida por todas as administra\u00e7\u00f5es desses &#8220;grupos pol\u00edticos&#8221;.2. Na audi\u00eancia, o presidente dos Correios n\u00e3o \u201cdeu explica\u00e7\u00e3o\u201d alguma sobre qualquer assunto. \u201cEntrou mudo e saiu calado\u201d.<\/p>\n<p style=\"text-align: justify;\">3. A ADCAP sempre foi contra o aparelhamento pol\u00edtico-partid\u00e1rio nos Correios. N\u00e3o \u00e9 o \u201caval\u201d de um partido pol\u00edtico que deve nortear a gest\u00e3o dos Correios ou de qualquer outra empresa estatal.<\/p>\n<p style=\"text-align: justify;\">4. As \u201cgorduras\u201d que deveriam ser cortadas n\u00e3o s\u00e3o os benef\u00edcios concedidos, durante anos, em negocia\u00e7\u00f5es coletivas e validados pelo TST, mas sim a indica\u00e7\u00e3o de derrotados pol\u00edticos para cargos comissionados, Vice-Presidentes sem o cumprimento dos requisitos da Lei das Estatais, assessores especiais e apadrinhados pol\u00edticos cedidos de outros \u00f3rg\u00e3os p\u00fablicos.<\/p>\n<p style=\"text-align: justify;\">5. A publica\u00e7\u00e3o desta nota imediatamente ap\u00f3s a audi\u00eancia nos leva a crer que \u201cO Antagonista\u201d \u00e9 simp\u00e1tico \u00e0s atrocidades que o r\u00e9u vem praticando e que ora s\u00e3o questionadas na justi\u00e7a, em detrimento da boa gest\u00e3o e do respeito aos trabalhadores que carregam esta empresa h\u00e1 354 anos e que t\u00e3o bem prestam servi\u00e7os \u00e0 sociedade brasileira.<\/p>\n<p style=\"text-align: justify;\">Tal cren\u00e7a \u00e0 simpatia mencionada \u00e9 ratificada com as \u00faltimas publica\u00e7\u00f5es do \u201cAntagonista\u201d, tamb\u00e9m em 31\/07\/17, com os t\u00edtulos:\u00a0<strong>Correios: 45,8 milh\u00f5es de reais por ano de &#8220;vale-cultura&#8221;,\u00a0<\/strong><strong>Correios: vale-refei\u00e7\u00e3o nas f\u00e9rias, Correios: 107 milh\u00f5es de reais de &#8220;vale-peru&#8221;<\/strong>, parecendo-nos at\u00e9 mat\u00e9ria paga.<\/p>\n<p style=\"text-align: justify;\">Continuamos acreditando que a justi\u00e7a seja feita, lutando sempre em defesa da nossa Empresa e dos nossos associados.<\/p>\n<p style=\"text-align: right;\"><strong>Dire\u00e7\u00e3o Nacional da ADCAP.<\/strong><\/p>\n","protected":false},"excerpt":{"rendered":"<p>Guilherme Campos, atual presidente dos Correios, responde na justi\u00e7a por danos morais coletivos e atrai blogueiros simp\u00e1ticos a suas atrocidades No \u00faltimo dia 31\/07\/2017, \u00e0s 13h06, a presidente da ADCAP&hellip;<\/p>\n","protected":false},"author":1,"featured_media":0,"comment_status":"open","ping_status":"open","sticky":false,"template":"","format":"standard","meta":{"_editorskit_title_hidden":false,"_editorskit_reading_time":0,"_editorskit_is_block_options_detached":false,"_editorskit_block_options_position":"{}","footnotes":""},"categories":[5,44],"tags":[],"aioseo_notices":[],"_links":{"self":[{"href":"https:\/\/adcap.org.br\/index.php\/wp-json\/wp\/v2\/posts\/8979"}],"collection":[{"href":"https:\/\/adcap.org.br\/index.php\/wp-json\/wp\/v2\/posts"}],"about":[{"href":"https:\/\/adcap.org.br\/index.php\/wp-json\/wp\/v2\/types\/post"}],"author":[{"embeddable":true,"href":"https:\/\/adcap.org.br\/index.php\/wp-json\/wp\/v2\/users\/1"}],"replies":[{"embeddable":true,"href":"https:\/\/adcap.org.br\/index.php\/wp-json\/wp\/v2\/comments?post=8979"}],"version-history":[{"count":0,"href":"https:\/\/adcap.org.br\/index.php\/wp-json\/wp\/v2\/posts\/8979\/revisions"}],"wp:attachment":[{"href":"https:\/\/adcap.org.br\/index.php\/wp-json\/wp\/v2\/media?parent=8979"}],"wp:term":[{"taxonomy":"category","embeddable":true,"href":"https:\/\/adcap.org.br\/index.php\/wp-json\/wp\/v2\/categories?post=8979"},{"taxonomy":"post_tag","embeddable":true,"href":"https:\/\/adcap.org.br\/index.php\/wp-json\/wp\/v2\/tags?post=8979"}],"curies":[{"name":"wp","href":"https:\/\/api.w.org\/{rel}","templated":true}]}}