{"id":7999,"date":"2017-03-09T18:58:14","date_gmt":"2017-03-09T18:58:14","guid":{"rendered":"http:\/\/www.adcap.org.br\/?p=7999"},"modified":"2017-03-09T18:58:14","modified_gmt":"2017-03-09T18:58:14","slug":"adcap-net-07032017-correios-lancam-operadora-de-celular-com-plano-pre-pago-de-r-30-veja-mais","status":"publish","type":"post","link":"https:\/\/adcap.org.br\/index.php\/adcap-net-07032017-correios-lancam-operadora-de-celular-com-plano-pre-pago-de-r-30-veja-mais\/","title":{"rendered":"Adcap Net 07\/03\/2017 &#8211; Correios lan\u00e7am operadora de celular com plano pr\u00e9-pago de R$ 30 &#8211; Veja mais!"},"content":{"rendered":"<p><strong>Correios explicam cortes nos patroc\u00ednios de\u00a0<\/strong><strong>atletas ol\u00edmpicos<\/strong><br \/>\nO Estado de S.Paulo<br \/>\n07 Mar\u00e7o 2017<\/p>\n<p>O Estado publicou em sua edi\u00e7\u00e3o de domingo a triste sina de alguns atletas brasileiros ap\u00f3s os Jogos Ol\u00edmpicos do Rio. Ap\u00f3s seis meses do fim da competi\u00e7\u00e3o, medalhistas ol\u00edmpicos do Pa\u00eds vivem \u00e0s turras para tentar manter seus patrocinadores e parceiros visando a sequ\u00eancia do trabalho para T\u00f3quio-2020. &#8216;De volta \u00e0 realidade&#8217; conta a hist\u00f3ria de quatro competidores do primeiro time ol\u00edmpico que perderam alguns de seus patrocinadores, como Poliana Okimoto, primeira mulher brasileira a conquistar uma medalha ol\u00edmpica nos esportes aqu\u00e1ticos, que n\u00e3o tem mais a parceria com os<strong>Correios<\/strong>. H\u00e1 outros na mesma condi\u00e7\u00e3o.<\/p>\n<p>Em nota encaminhada ao Estado, os Correios explicam o rompimento de alguns patroc\u00ednios que mantinha na temporada passada.<\/p>\n<p>NOTA OFICIAL<\/p>\n<p>Os Correios esclarecem que, em contratos de patroc\u00ednio j\u00e1 encerrados, os valores repassados pela empresa \u00e0 Confedera\u00e7\u00e3o Brasileira de Desportos Aqu\u00e1ticos (CBDA) previam bolsas individuais aos atletas com melhor desempenho. Nesta situa\u00e7\u00e3o se encontravam a nadadora Poliana Okimoto, citada na mat\u00e9ria, bem como outros atletas.<\/p>\n<p>Importante destacar ainda que os crit\u00e9rios t\u00e9cnicos para essas defini\u00e7\u00f5es e a gest\u00e3o desses recursos cabiam \u00e0 confedera\u00e7\u00e3o e tinham a anu\u00eancia dos Correios. No entanto, diante do grave cen\u00e1rio econ\u00f4mico-financeiro no qual a estatal se encontra e das medidas de contingenciamento consequentemente tomadas para a recupera\u00e7\u00e3o de sua sa\u00fade financeira, foi necess\u00e1ria a aplica\u00e7\u00e3o de cortes tamb\u00e9m nos investimentos em patroc\u00ednio.<\/p>\n<p>Assim sendo, no recente contrato firmado entre Correios e CBDA, houve significativa redu\u00e7\u00e3o de valor, n\u00e3o suportando mais a aplica\u00e7\u00e3o de patroc\u00ednios individuais. Por\u00e9m, para que ainda se mantivesse uma forma de incentivo, ficou acordado entre ambas as institui\u00e7\u00f5es um sistema de premia\u00e7\u00e3o baseado, principalmente, no reconhecimento pelo desempenho e pelas conquistas de resultados internacionais de cada atleta.<\/p>\n<p>Destaca-se que os Correios respeitam e valorizam os esfor\u00e7os dos atletas. Entretanto, seus contratos de patroc\u00ednio precisam estar dentro dos limites de valores que o momento exige.<\/p>\n<p>Guilherme Campos Junior<br \/>\nPresidente dos Correios<\/p>\n<p><strong>Funcion\u00e1rios dos Correios n\u00e3o podem\u00a0<\/strong><strong>participar de atividades associativas durante\u00a0<\/strong><strong>jornada<\/strong><br \/>\nMigalhas<br \/>\n6 de mar\u00e7o de 2017<\/p>\n<p>Mais um epis\u00f3dio sens\u00edvel dentro dos\u00a0<strong>Correios<\/strong>, que vive uma de suas maiores crises financeiras. Dessa vez, a vice-presid\u00eancia de Gest\u00e3o de Pessoas da empresa emitiu memorando (681\/2017) com \u201cesclarecimentos quanto ao controle de jornada de empregados\u201d.<\/p>\n<p>No documento, h\u00e1 a informa\u00e7\u00e3o de que, em rela\u00e7\u00e3o aos empregados que atuam como representantes de entidades associativas dos Correios, \u201cn\u00e3o h\u00e1 previs\u00e3o legal para abono ou compensa\u00e7\u00e3o de falta decorrentes de aus\u00eancia do posto de trabalho para se ocupar com atividades associativas\u201d.<\/p>\n<p>Segundo a vice-presid\u00eancia, as entidades associativas n\u00e3o possuem o mesmo tratamento dado \u00e0s entidades sindicais, e assim sendo, o gestor n\u00e3o pode liberar o empregado representante de associa\u00e7\u00e3o para dedicar-se \u00e0s atividades associativas durante a jornada de trabalho, de forma que a aus\u00eancia ao trabalho pode configurar infra\u00e7\u00e3o disciplinar.<\/p>\n<p>A prop\u00f3sito, \u00e9 o que consta em consulta realizada \u00e0 SEJUR &#8211; Superintend\u00eancia Executiva Jur\u00eddica dos Correios: &#8220;A liberdade de associa\u00e7\u00e3o \u00e9 um direito assegurado na Constitui\u00e7\u00e3o Federal, mas o seu exerc\u00edcio n\u00e3o pode se sobrepor \u00e0s obriga\u00e7\u00f5es pactuadas no Contrato Individual de Trabalho por empregado, que exer\u00e7a cargo de dirigente de associa\u00e7\u00e3o.&#8221;<\/p>\n<p>Audi\u00eancia com advogados<\/p>\n<p>Acontece que est\u00e1 marcada para esta segunda-feira, 6, uma audi\u00eancia no MPT da 10\u00aa regi\u00e3o com advogados da ECT, considerando controv\u00e9rsias que envolvem a classe dos caus\u00eddicos da empresa p\u00fablica.<\/p>\n<p>Assim, a presidente da APECT &#8211; Associa\u00e7\u00e3o dos Procuradores dos Correios, Daniela Schweig CiChy, indagou \u00e0 diretoria se haveria \u00f3bice para participa\u00e7\u00e3o dela e do vice-presidente da APECT no referido encontro. Em resposta, a diretoria reafirmou o impedimento, destacando que a audi\u00eancia se dar\u00e1 com os Correios \u201cpara a qual a representa\u00e7\u00e3o se dar\u00e1 por preposto e advogado, designados para tal ato\u201d.<\/p>\n<p>De acordo com a diretoria, a solicita\u00e7\u00e3o de participa\u00e7\u00e3o da APECT deu-se mediante requerimento e n\u00e3o convoca\u00e7\u00e3o por parte do parquet. E completou: \u201cPor fim, n\u00e3o \u00e9 demasiado lembrar, que a atua\u00e7\u00e3o dos Advogados desta Empresa, no caso em exame, deve ocorrer na defesa dos interesses dos Correios a fim de evitar eventual conflito de interesses.\u201d<\/p>\n<p><img decoding=\"async\" loading=\"lazy\" src=\"http:\/\/assets.mktnaweb.com\/accounts\/2014\/10\/21\/39849\/pictures\/367\/original_50723CD55342F7DBD071B64CF9FD10DF2B3E_correios.jpg?1488911655\" alt=\"\" width=\"500\" height=\"543\" \/><\/p>\n<p><strong>Correios lan\u00e7am operadora de celular com\u00a0<\/strong><strong>plano pr\u00e9-pago de R$ 30<\/strong><\/p>\n<p>ESTAD\u00c3O ON-LINE<br \/>\n6\/3\/17<\/p>\n<p>Inspirada em exemplos europeus, estatal vai vender chips e recargas em busca de nova receita; infraestrutura ficar\u00e1 a cargo da EUTV Cartas, encomendas, selos, chips e recargas para celular. A partir desta segunda-feira, 6, os\u00a0<strong>Correios\u00a0<\/strong>lan\u00e7am sua opera\u00e7\u00e3o de telefonia m\u00f3vel, vendendo chips e recarga para planos pr\u00e9-pagos de celular em 12 ag\u00eancias da cidade de S\u00e3o Paulo. H\u00e1 quatro anos com preju\u00edzos e ap\u00f3s passar recentemente por um programa de demiss\u00e3o volunt\u00e1rias, a empresa espera encontrar uma nova fonte de receitas com a telefonia m\u00f3vel, atuando no modelo de operadora virtual, bastante popular na Europa.<\/p>\n<p>Para 2017, as expectativas do projeto s\u00e3o conservadoras: faturar 14 milh\u00f5es, com 500 mil usu\u00e1rios at\u00e9 o final do ano. Em 2018, a meta \u00e9 de receita de R$ 60 milh\u00f5es. \u201cEsperamos que, em cinco anos, faturemos R$ 300 milh\u00f5es e tenhamos 8 milh\u00f5es de usu\u00e1rios. \u00c9 uma progress\u00e3o que pode fazer a diferen\u00e7a para a empresa\u201d, disse Guilherme Campos, presidente dos Correios, durante entrevista coletiva realizada na manh\u00e3 da segunda-feira, em S\u00e3o Paulo. No ano passado, a estatal registrou preju\u00edzo em torno de R$ 2 bilh\u00f5es.<\/p>\n<p>A opera\u00e7\u00e3o come\u00e7a nesta segunda com o plano Al\u00f4 30: por uma recarga mensal de R$ 30, os usu\u00e1rios ter\u00e3o 100 minutos para qualquer celular e fixo de qualquer DDD, franquia de dados de internet de 1 GB e WhatsApp gratuito, sem cobran\u00e7a na franquia. Cada chip, por sua vez, vai custar R$ 10.<\/p>\n<p>Por enquanto, o servi\u00e7o ser\u00e1 vendido apenas em S\u00e3o Paulo \u2013 at\u00e9 o final do m\u00eas, 164 ag\u00eancias da cidade v\u00e3o vender chips e recargas. \u201cCome\u00e7amos por S\u00e3o Paulo para garantir viabilidade comercial. N\u00e3o estamos fazendo Vale Celular, n\u00e3o h\u00e1 subs\u00eddio: quem n\u00e3o puder pagar R$ 30 por m\u00eas, n\u00e3o vai poder usar a Correios Celular\u201d, disse Campos. Nos pr\u00f3ximos meses, a empresa deve come\u00e7ar a oferecer chips em Bras\u00edlia e Belo Horizonte &#8212; a meta \u00e9 alcan\u00e7ar todos os Estados do Brasil at\u00e9 o fim do ano, atendendo o p\u00fablico das classes C, D e E.<\/p>\n<p>Para o analista Pietro Delai, da IDC Brasil, \u00e9 uma estrat\u00e9gia de diferencia\u00e7\u00e3o das operadoras \u201ctradicionais\u201d. \u201cEles est\u00e3o mirando em um p\u00fablico desbancarizado, e que gosta de tirar d\u00favidas presencialmente\u201d, diz. \u201cA d\u00favida \u00e9 se v\u00e3o conseguir atender o que os clientes v\u00e3o buscar l\u00e1\u201d. Em 2018, os Correios v\u00e3o come\u00e7ar estudos para definir a viabilidade de oferecer planos p\u00f3s-pagos. Virtual. Ter uma operadora \u00e9 um projeto antigo dos Correios, desde que, em 2010, a Anatel liberou o modelo de operadoras virtuais no Pa\u00eds. Nesse sistema, uma empresa ou organiza\u00e7\u00e3o pode vender chips e planos de telefonia m\u00f3vel, sem precisar se preocupar com a infraestrutura de telecomunica\u00e7\u00f5es \u2013 tarefa que cabe a uma operadora parceira. \u00c9 o que vai acontecer na Correios Celular: enquanto os Correios cuidam do atendimento, a infraestrutura ser\u00e1 responsabilidade da EUTV, empresa que venceu licita\u00e7\u00e3o realizada pela estatal em maio do ano passado.<\/p>\n<p>O aspecto curioso do processo \u00e9 que a EUTV tamb\u00e9m \u00e9 uma operadora virtual \u2013 s\u00f3 que do tipo autorizada, que tem de investir em infraestrutura e cuida de parte das conex\u00f5es dos usu\u00e1rios. A EUTV utiliza a rede da TIM, como \u00e9 o caso de outras operadoras virtuais brasileiras, como a Porto Seguro Conecta.<\/p>\n<p>\u201cPor enquanto, usamos a cobertura da TIM. Al\u00e9m disso, compramos um espectro da frequ\u00eancia do 4G no \u00faltimo leil\u00e3o da Anatel em S\u00e3o Paulo e estamos analisando investimentos para ir al\u00e9m da cobertura da TIM no resto do Pa\u00eds\u201d, disse Yon Moreira, presidente da EUTV.<\/p>\n<p><strong>Correios come\u00e7am a vender chips do seu\u00a0<\/strong><strong>servi\u00e7o de celular em S\u00e3o Paulo<\/strong><\/p>\n<p>G1<br \/>\n6\/3\/17<\/p>\n<p>Vendas come\u00e7aram nesta segunda (6) em 12 ag\u00eancias da capital paulista. Inicialmente, estatal ofertar\u00e1 apenas um tipo de plano pr\u00e9-pago.<\/p>\n<p>Os\u00a0<strong>Correios\u00a0<\/strong>come\u00e7aram nesta segunda-feira (6) a vender chips de celular. A venda ser\u00e1 implantada aos poucos e come\u00e7ou em 12 ag\u00eancias de S\u00e3o Paulo. At\u00e9 o final de mar\u00e7o, informou a estatal, os chips estar\u00e3o dispon\u00edveis em 164 unidades de toda a regi\u00e3o metropolitana da capital paulista. As 12 ag\u00eancias em que \u00e9 poss\u00edvel comprar o chip de celular dos Correios s\u00e3o: &#8211; Br\u00e1s &#8211; Central de S\u00e3o Paulo (Rep\u00fablica) &#8211; Cidade de S\u00e3o Paulo (Vila Leopoldina) &#8211; Guaianazes &#8211; Itaquera &#8211; Mooca &#8211; Nossa Senhora da Sa\u00fade\u00a0&#8211; Osasco &#8211; Penha de Franca &#8211; Santana &#8211; Silva Bueno (Ipiranga) &#8211; Vila Prudente.<br \/>\nEm seguida, o servi\u00e7o passar\u00e1 a ser oferecido em Bras\u00edlia e Belo Horizonte. A meta \u00e9 alcan\u00e7ar todos os Estados do Brasil at\u00e9 o fim deste ano. A oferta ocorre por meio da Correios Celular, uma parceria dos Correios com a empresa EUTV. Toda a infraestrutura de telecomunica\u00e7\u00f5es ser\u00e1 de responsabilidade da EUTV. Os Correios usar\u00e3o a rede de ag\u00eancias e a rede corporativa de dados. A EUTV usa a infraestrutura da TIM para a oferta de telefonia m\u00f3vel.<\/p>\n<p>Inicialmente, ser\u00e3o vendidos chips e recargas de um plano pr\u00e9-pago. O plano exigir\u00e1 recargas mensais de R$ 30 e dar\u00e1 direito a 100 minutos em chamadas de voz para qualquer celular ou telefone fixo, ou 100 SMS.<\/p>\n<p>O pacote inclui ainda 30 dias de internet m\u00f3vel, com 1 GB de franquia, sem corte no servi\u00e7o quando o cliente atinge o limite de dados. Al\u00e9m disso, o cliente, informou os Correios, o uso do aplicativo WhatsApp \u00e9 gr\u00e1tis (ou seja, n\u00e3o desconta da franquia), assim como a navega\u00e7\u00e3o pelos sites\u00a0<a href=\"http:\/\/www.correioscelular.com.br\/\">www.correioscelular.com.br<\/a>,\u00a0<a href=\"http:\/\/www.correios.com.br\/\">www.correios.com.br<\/a>\u00a0e\u00a0<a href=\"http:\/\/www.brasil.gov.br\/\">www.brasil.gov.br<\/a>. A partir de 2018 os Correios come\u00e7ar\u00e3o estudos para definir a viabilidade da oferta de planos p\u00f3s-pagos. Os Correios enfrentam uma crise financeira. A previs\u00e3o \u00e9 que o preju\u00edzo em 2016 tenha sido de quase R$ 2 bilh\u00f5es. Em 2015 a estatal j\u00e1 havia registrado um preju\u00edzo de R$ 2,1 bilh\u00f5es.<\/p>\n<p><strong>Correios garante que fechamento de ag\u00eancias\u00a0<\/strong><strong>em distritos n\u00e3o foi definido<\/strong><\/p>\n<p>Correios do Brasil<br \/>\n06\/03\/2017<\/p>\n<p>o contr\u00e1rio do que informou o Sintect-MS (Sindicato dos Trabalhadores nos\u00a0<strong>Correios\u00a0<\/strong>de Mato Grosso do Sul), a ECT (Empresa Brasileira de Correios e Tel\u00e9grafos) garante que o fechamento das ag\u00eancias dos distritos de Anhandu\u00ed, em Campo Grande, e Nova Casa Verde (foto), no munic\u00edpio de Nova Andradina, ainda n\u00e3o est\u00e1 definido.<\/p>\n<p>Conforme a assessoria de imprensa dos Correios, o fechamento das duas ag\u00eancias est\u00e1 em fase de negocia\u00e7\u00e3o, portanto, n\u00e3o h\u00e1 data para que as unidade sejam definitivamente fechadas, nem a certeza de que isso ir\u00e1 ocorrer.<\/p>\n<p>No in\u00edcio da tarde desta segunda-feira (6), o Sintect-MS havia informado \u00e0 imprensa que no dia 13 de mar\u00e7o as duas ag\u00eancias seriam fechadas, como parte do plano de reestrutura\u00e7\u00e3o dos Correios, anunciado pelo presidente da empresa, Guilherme Campos, nomeado pelo presidente Michel Temer (PMDB).<\/p>\n<p>A presidente do Sintect-MS, Elaine Oliveira, chegou a afirmar que \u201cestamos vendo na pr\u00e1tica o desmonte dos Correios P\u00fablico, que \u00e9 uma prepara\u00e7\u00e3o para a privatiza\u00e7\u00e3o\u201d, considera.<\/p>\n<p>A ag\u00eancia de Nova Casa Verde funciona desde janeiro de 2006, atendendo uma popula\u00e7\u00e3o de 13 mil habitantes do distrito, distante 53 quil\u00f4metros de Nova Andradina.<\/p>\n<p>Dentre os servi\u00e7os prestados na unidade dos Correios de Nova Casa Verde est\u00e3o aberturas de contas, pagamentos de fatura, pagamento de benef\u00edcios do INSS, pagamento dos funcion\u00e1rios dos postos de gasolinas e restaurantes da regi\u00e3o, entrega e envio de cartas\/encomendas, entrega de cartas a domicilio duas vezes por semana.<\/p>\n<p>J\u00e1 a ag\u00eancia de Anhandu\u00ed tamb\u00e9m oferece os mesmos servi\u00e7os e foi a primeira do pa\u00eds a operar o Banco Postal num distrito, desde julho de 2004. Estima-se que 300 aposentados recebam seus benef\u00edcios na ag\u00eancia. Eles ter\u00e3o que deslocar at\u00e9 Campo Grande para receberem suas aposentadorias, arcando com o custo das passagens. (Fonte: Campo Grande News).<\/p>\n","protected":false},"excerpt":{"rendered":"<p>Correios explicam cortes nos patroc\u00ednios de\u00a0atletas ol\u00edmpicos O Estado de S.Paulo 07 Mar\u00e7o 2017 O Estado publicou em sua edi\u00e7\u00e3o de domingo a triste sina de alguns atletas brasileiros ap\u00f3s&hellip;<\/p>\n","protected":false},"author":1,"featured_media":0,"comment_status":"open","ping_status":"open","sticky":false,"template":"","format":"standard","meta":{"_editorskit_title_hidden":false,"_editorskit_reading_time":0,"_editorskit_is_block_options_detached":false,"_editorskit_block_options_position":"{}","footnotes":""},"categories":[3],"tags":[],"aioseo_notices":[],"_links":{"self":[{"href":"https:\/\/adcap.org.br\/index.php\/wp-json\/wp\/v2\/posts\/7999"}],"collection":[{"href":"https:\/\/adcap.org.br\/index.php\/wp-json\/wp\/v2\/posts"}],"about":[{"href":"https:\/\/adcap.org.br\/index.php\/wp-json\/wp\/v2\/types\/post"}],"author":[{"embeddable":true,"href":"https:\/\/adcap.org.br\/index.php\/wp-json\/wp\/v2\/users\/1"}],"replies":[{"embeddable":true,"href":"https:\/\/adcap.org.br\/index.php\/wp-json\/wp\/v2\/comments?post=7999"}],"version-history":[{"count":0,"href":"https:\/\/adcap.org.br\/index.php\/wp-json\/wp\/v2\/posts\/7999\/revisions"}],"wp:attachment":[{"href":"https:\/\/adcap.org.br\/index.php\/wp-json\/wp\/v2\/media?parent=7999"}],"wp:term":[{"taxonomy":"category","embeddable":true,"href":"https:\/\/adcap.org.br\/index.php\/wp-json\/wp\/v2\/categories?post=7999"},{"taxonomy":"post_tag","embeddable":true,"href":"https:\/\/adcap.org.br\/index.php\/wp-json\/wp\/v2\/tags?post=7999"}],"curies":[{"name":"wp","href":"https:\/\/api.w.org\/{rel}","templated":true}]}}