{"id":7617,"date":"2016-12-09T18:11:18","date_gmt":"2016-12-09T18:11:18","guid":{"rendered":"http:\/\/www.adcap.org.br\/?p=7617"},"modified":"2016-12-09T18:11:18","modified_gmt":"2016-12-09T18:11:18","slug":"reducao-de-funcoes","status":"publish","type":"post","link":"https:\/\/adcap.org.br\/index.php\/reducao-de-funcoes\/","title":{"rendered":"Redu\u00e7\u00e3o de Fun\u00e7\u00f5es"},"content":{"rendered":"<table width=\"100%\">\n<tbody>\n<tr>\n<td width=\"630\">A ADCAP tem recebido informa\u00e7\u00f5es de associados a respeito de um plano de redu\u00e7\u00e3o de fun\u00e7\u00f5es que estaria sendo preparado pela dire\u00e7\u00e3o da Empresa, dentro das medidas para produzir economias.<\/p>\n<p>Mais uma vez os trabalhadores ser\u00e3o chamados a pagar por um resultado negativo que n\u00e3o produziram, na forma de uma redu\u00e7\u00e3o de remunera\u00e7\u00e3o que afetar\u00e1 a muitos, se ocorrer como se comenta.<\/p>\n<p>Como a dire\u00e7\u00e3o da Empresa parece que agir\u00e1 mais uma vez com o improviso e a falta de profissionalismo que tem caracterizado os \u00faltimos dirigentes que por aqui passaram, os advogados da ADCAP Nacional e de seus N\u00facleos Regionais estar\u00e3o a postos para apoiar os associados nas a\u00e7\u00f5es trabalhistas que se far\u00e3o necess\u00e1rias para assegurar seus direitos, especialmente os relacionados \u00e0 incorpora\u00e7\u00e3o de fun\u00e7\u00e3o (S\u00famula 372 do TST e outros julgados).<\/td>\n<\/tr>\n<\/tbody>\n<\/table>\n","protected":false},"excerpt":{"rendered":"<p>A ADCAP tem recebido informa\u00e7\u00f5es de associados a respeito de um plano de redu\u00e7\u00e3o de fun\u00e7\u00f5es que estaria sendo preparado pela dire\u00e7\u00e3o da Empresa, dentro das medidas para produzir economias.&hellip;<\/p>\n","protected":false},"author":1,"featured_media":0,"comment_status":"open","ping_status":"open","sticky":false,"template":"","format":"standard","meta":{"_editorskit_title_hidden":false,"_editorskit_reading_time":0,"_editorskit_is_block_options_detached":false,"_editorskit_block_options_position":"{}","footnotes":""},"categories":[5],"tags":[],"aioseo_notices":[],"_links":{"self":[{"href":"https:\/\/adcap.org.br\/index.php\/wp-json\/wp\/v2\/posts\/7617"}],"collection":[{"href":"https:\/\/adcap.org.br\/index.php\/wp-json\/wp\/v2\/posts"}],"about":[{"href":"https:\/\/adcap.org.br\/index.php\/wp-json\/wp\/v2\/types\/post"}],"author":[{"embeddable":true,"href":"https:\/\/adcap.org.br\/index.php\/wp-json\/wp\/v2\/users\/1"}],"replies":[{"embeddable":true,"href":"https:\/\/adcap.org.br\/index.php\/wp-json\/wp\/v2\/comments?post=7617"}],"version-history":[{"count":0,"href":"https:\/\/adcap.org.br\/index.php\/wp-json\/wp\/v2\/posts\/7617\/revisions"}],"wp:attachment":[{"href":"https:\/\/adcap.org.br\/index.php\/wp-json\/wp\/v2\/media?parent=7617"}],"wp:term":[{"taxonomy":"category","embeddable":true,"href":"https:\/\/adcap.org.br\/index.php\/wp-json\/wp\/v2\/categories?post=7617"},{"taxonomy":"post_tag","embeddable":true,"href":"https:\/\/adcap.org.br\/index.php\/wp-json\/wp\/v2\/tags?post=7617"}],"curies":[{"name":"wp","href":"https:\/\/api.w.org\/{rel}","templated":true}]}}