{"id":7097,"date":"2016-07-06T16:54:31","date_gmt":"2016-07-06T16:54:31","guid":{"rendered":"http:\/\/www.adcap.org.br\/?p=7097"},"modified":"2016-07-06T16:54:31","modified_gmt":"2016-07-06T16:54:31","slug":"a-verdade-faz-bem-a-saude","status":"publish","type":"post","link":"https:\/\/adcap.org.br\/index.php\/a-verdade-faz-bem-a-saude\/","title":{"rendered":"A VERDADE FAZ BEM \u00c0 SA\u00daDE!"},"content":{"rendered":"<p>Pouco antes de sancionar a Lei de Responsabilidade das Estatais, o Presidente Temer nomeou para a Presid\u00eancia dos Correios o Sr. Guilherme Campos, ex-Deputado Federal e ex-Presidente do PSD, que hoje n\u00e3o atenderia os requisitos estabelecidos na lei para o exerc\u00edcio da referida fun\u00e7\u00e3o.<\/p>\n<p>Demonstrando inabilidade e desconhecimento, em entrevista concedida \u00e0 r\u00e1dio CBN no dia 04\/07, ele declarou que\u00a0<em>\u201ca crise financeira da Estatal \u00e9 um reflexo das atitudes dos funcion\u00e1rios\u201d<\/em>. Tamb\u00e9m disse que\u00a0<em>\u201cespera empenho e mudan\u00e7a de atitude dos empregados que n\u00e3o acordaram para a gravidade e necessidade de reverter a situa\u00e7\u00e3o<\/em>\u201d. Concluiu com a frase \u201c<em>Os Correios fazem mal \u00e0 sa\u00fade<\/em>\u201d.<\/p>\n<p>Pois bem, diante desta lament\u00e1vel manifesta\u00e7\u00e3o, somos for\u00e7ados a n\u00e3o apenas repudiar o que foi dito, mas tamb\u00e9m a esclarecer algumas quest\u00f5es que n\u00e3o foram entendidas ou que propositalmente est\u00e3o sendo ignoradas.<\/p>\n<p>Primeiramente garantimos que o que faz bem \u00e0 sa\u00fade \u00e9 a\u00a0<strong>VERDADE<\/strong>!<\/p>\n<p>VERDADE que o \u00edndice de absente\u00edsmo existente na Empresa decorre de doen\u00e7as geradas pelo excesso de carga de trabalho, de gest\u00e3o inadequada, de condi\u00e7\u00f5es insalubres e inseguras, do constante ass\u00e9dio moral, do total despreparo das lideran\u00e7as escolhidas por crit\u00e9rios pessoais e de interesse partid\u00e1rio.<\/p>\n<p>VERDADE que o aparelhamento pol\u00edtico-partid\u00e1rio sucateou os Correios, o seu fundo de pens\u00e3o &#8211; POSTALIS e sua funda\u00e7\u00e3o de sa\u00fade \u2013 Postal Sa\u00fade. Todas as posi\u00e7\u00f5es de dire\u00e7\u00e3o s\u00e3o ocupadas, exclusivamente, por indica\u00e7\u00e3o pol\u00edtico-partid\u00e1ria. Sem preparo e com objetivos muito question\u00e1veis, veja-se a sequ\u00eancia de pris\u00f5es de ex-dirigentes por corrup\u00e7\u00e3o j\u00e1 ocorridas.<\/p>\n<p>VERDADE que o decl\u00ednio de qualidade e de resultados n\u00e3o decorreu em raz\u00e3o da atua\u00e7\u00e3o dos empregados, que n\u00e3o necessitam acordar para a gravidade da situa\u00e7\u00e3o, mas sim da falta de comprometimento do Governo Federal e dos representantes que t\u00eam nomeado para o comando dos Correios, os quais priorizaram nestes \u00faltimos anos um projeto pol\u00edtico-partid\u00e1rio em detrimento da institui\u00e7\u00e3o Correios e dos interesses da sociedade brasileira.<\/p>\n<p>VERDADE que os desmandos nos Correios s\u00e3o de toda ordem, incluindo patroc\u00ednios absurdos, antecipa\u00e7\u00f5es agressivas de dividendos ao Governo Federal, descapitalizando a Empresa, impedindo investimentos e a levando ao sucateamento.<\/p>\n<p>VERDADE que houve abandono da meritocracia e da valoriza\u00e7\u00e3o dos trabalhadores, substituindo esses valores por mero alinhamento partid\u00e1rio.<\/p>\n<p>VERDADE que a ECT vem sendo desprofissionalizada, com o fim da forma\u00e7\u00e3o de T\u00e9cnicos, Engenheiros de Produ\u00e7\u00e3o Administradores e demais especialistas dos neg\u00f3cios da Empresa e a sua substitui\u00e7\u00e3o por pessoas estranhas aos quadros da ECT, por servidores cedidos para a Empresa e por cargos em comiss\u00e3o, em flagrante ofensa \u00e0 legisla\u00e7\u00e3o.<\/p>\n<p>VERDADE que os 120 mil empregados foram assaltados em seus direitos, com o roubo que ocorreu no Fundo de Pens\u00e3o, POSTALIS, gerando d\u00e9ficit de mais de R$ 6 bilh\u00f5es.<\/p>\n<p>VERDADE que esses mesmos trabalhadores constru\u00edram um servi\u00e7o de Correios admirado pela popula\u00e7\u00e3o, rent\u00e1vel e j\u00e1\u00a0\u00a0reconhecido, em\u00a0v\u00e1rios f\u00f3runs internacionais, como um dos cinco melhores correios do mundo.<\/p>\n<p>VERDADE que os Correios necessitam urgentemente de uma gest\u00e3o qualificada e competente para superar seus desafios. Que direcione com clareza rumos e objetivos, que adote\u00a0\u00a0postura\u00a0no sentido de fazer as coisas acontecerem e n\u00e3o, apenas, \u00a0de buscar culpados e propagandear conclus\u00f5es equivocadas.<\/p>\n<p>VERDADE que o Governo Temer pode mudar essa realidade. Est\u00e1 exclusivamente em suas m\u00e3os corrigir esse rumo, tratando com respeito uma organiza\u00e7\u00e3o tricenten\u00e1ria e seus trabalhadores, que s\u00f3 querem poder trabalhar em condi\u00e7\u00f5es adequadas e com l\u00edderes que saibam comandar a Empresa em vez de vociferar contra aqueles que a constru\u00edram.<\/p>\n<p>Compet\u00eancia na gest\u00e3o e respeito \u00e9 s\u00f3 o que precisamos! O restante sabemos fazer muito bem, como mostra a hist\u00f3ria!<\/p>\n","protected":false},"excerpt":{"rendered":"<p>Pouco antes de sancionar a Lei de Responsabilidade das Estatais, o Presidente Temer nomeou para a Presid\u00eancia dos Correios o Sr. Guilherme Campos, ex-Deputado Federal e ex-Presidente do PSD, que&hellip;<\/p>\n","protected":false},"author":1,"featured_media":0,"comment_status":"open","ping_status":"open","sticky":false,"template":"","format":"standard","meta":{"_editorskit_title_hidden":false,"_editorskit_reading_time":0,"_editorskit_is_block_options_detached":false,"_editorskit_block_options_position":"{}","footnotes":""},"categories":[5],"tags":[],"aioseo_notices":[],"_links":{"self":[{"href":"https:\/\/adcap.org.br\/index.php\/wp-json\/wp\/v2\/posts\/7097"}],"collection":[{"href":"https:\/\/adcap.org.br\/index.php\/wp-json\/wp\/v2\/posts"}],"about":[{"href":"https:\/\/adcap.org.br\/index.php\/wp-json\/wp\/v2\/types\/post"}],"author":[{"embeddable":true,"href":"https:\/\/adcap.org.br\/index.php\/wp-json\/wp\/v2\/users\/1"}],"replies":[{"embeddable":true,"href":"https:\/\/adcap.org.br\/index.php\/wp-json\/wp\/v2\/comments?post=7097"}],"version-history":[{"count":0,"href":"https:\/\/adcap.org.br\/index.php\/wp-json\/wp\/v2\/posts\/7097\/revisions"}],"wp:attachment":[{"href":"https:\/\/adcap.org.br\/index.php\/wp-json\/wp\/v2\/media?parent=7097"}],"wp:term":[{"taxonomy":"category","embeddable":true,"href":"https:\/\/adcap.org.br\/index.php\/wp-json\/wp\/v2\/categories?post=7097"},{"taxonomy":"post_tag","embeddable":true,"href":"https:\/\/adcap.org.br\/index.php\/wp-json\/wp\/v2\/tags?post=7097"}],"curies":[{"name":"wp","href":"https:\/\/api.w.org\/{rel}","templated":true}]}}