{"id":6852,"date":"2016-06-14T19:08:00","date_gmt":"2016-06-14T19:08:00","guid":{"rendered":"http:\/\/www.adcap.org.br\/?p=6852"},"modified":"2016-06-14T19:08:00","modified_gmt":"2016-06-14T19:08:00","slug":"servidores-dos-correios-vao-fazer-protesto-contra-aparelhamento-da-empresa","status":"publish","type":"post","link":"https:\/\/adcap.org.br\/index.php\/servidores-dos-correios-vao-fazer-protesto-contra-aparelhamento-da-empresa\/","title":{"rendered":"Servidores dos Correios v\u00e3o fazer protesto contra aparelhamento da empresa"},"content":{"rendered":"<p><strong>Servidores dos Correios v\u00e3o fazer\u00a0<\/strong><strong>protesto\u00a0contra aparelhamento da empresa<\/strong><\/p>\n<p>Veja &#8211; Radar<br \/>\n13\/06\/2016<br \/>\n<img decoding=\"async\" loading=\"lazy\" src=\"https:\/\/blu176.mail.live.com\/Handlers\/ImageProxy.mvc?bicild=&amp;canary=F4nzpXcGJrpe%2bfoWSLtFQIGab%2b%2bU3qQ8GAH0vFTvlVE%3d0&amp;url=http%3a%2f%2fassets.mktnaweb.com%2faccounts%2f2014%2f10%2f21%2f39849%2fpictures%2f259%2foriginal_correios-greve-brasil-20111013-original1.jpeg%3f1465918894\" alt=\"\" width=\"600\" height=\"337\" \/><\/p>\n<p><strong><em>Servidores quase em greve<\/em><\/strong><\/p>\n<p>&nbsp;<\/p>\n<p>Servidores dos Correios v\u00e3o fazer um ato em frente \u00e0 sede da empresa, em Bras\u00edlia, na pr\u00f3xima quarta-feira.<\/p>\n<p>O protesto ser\u00e1 contra o aparelhamento dos Correios, que nos \u00faltimos anos tem reservado a maior parte de seus cargos de dire\u00e7\u00e3o e ger\u00eancia para indicados do PDT.Os servidores dizem que profissionais com anos de carreira t\u00eam sido substitu\u00eddos por pessoas com pouco ou nenhum conhecimento sobre a opera\u00e7\u00e3o dos Correios.<\/p>\n<p>Por isso, acreditam, a empresa passa por dificuldades financeiras e operacionais.<\/p>\n<p>O protesto ser\u00e1 o primeiro enfrentado pelo novo presidente da empresa, Guilherme Campos, do PSD, que foi indicado por Gilberto Kassab para o cargo.<\/p>\n","protected":false},"excerpt":{"rendered":"<p>Servidores dos Correios v\u00e3o fazer\u00a0protesto\u00a0contra aparelhamento da empresa Veja &#8211; Radar 13\/06\/2016 Servidores quase em greve &nbsp; Servidores dos Correios v\u00e3o fazer um ato em frente \u00e0 sede da empresa,&hellip;<\/p>\n","protected":false},"author":1,"featured_media":0,"comment_status":"open","ping_status":"open","sticky":false,"template":"","format":"standard","meta":{"_editorskit_title_hidden":false,"_editorskit_reading_time":0,"_editorskit_is_block_options_detached":false,"_editorskit_block_options_position":"{}","footnotes":""},"categories":[3],"tags":[],"aioseo_notices":[],"_links":{"self":[{"href":"https:\/\/adcap.org.br\/index.php\/wp-json\/wp\/v2\/posts\/6852"}],"collection":[{"href":"https:\/\/adcap.org.br\/index.php\/wp-json\/wp\/v2\/posts"}],"about":[{"href":"https:\/\/adcap.org.br\/index.php\/wp-json\/wp\/v2\/types\/post"}],"author":[{"embeddable":true,"href":"https:\/\/adcap.org.br\/index.php\/wp-json\/wp\/v2\/users\/1"}],"replies":[{"embeddable":true,"href":"https:\/\/adcap.org.br\/index.php\/wp-json\/wp\/v2\/comments?post=6852"}],"version-history":[{"count":0,"href":"https:\/\/adcap.org.br\/index.php\/wp-json\/wp\/v2\/posts\/6852\/revisions"}],"wp:attachment":[{"href":"https:\/\/adcap.org.br\/index.php\/wp-json\/wp\/v2\/media?parent=6852"}],"wp:term":[{"taxonomy":"category","embeddable":true,"href":"https:\/\/adcap.org.br\/index.php\/wp-json\/wp\/v2\/categories?post=6852"},{"taxonomy":"post_tag","embeddable":true,"href":"https:\/\/adcap.org.br\/index.php\/wp-json\/wp\/v2\/tags?post=6852"}],"curies":[{"name":"wp","href":"https:\/\/api.w.org\/{rel}","templated":true}]}}