{"id":6785,"date":"2016-06-02T23:56:42","date_gmt":"2016-06-02T23:56:42","guid":{"rendered":"http:\/\/www.adcap.org.br\/?p=6785"},"modified":"2016-06-02T23:58:08","modified_gmt":"2016-06-02T23:58:08","slug":"servidores-dos-correios-fazem-denuncia-a-pgr-contra-ex-presidente-da-empresa","status":"publish","type":"post","link":"https:\/\/adcap.org.br\/index.php\/servidores-dos-correios-fazem-denuncia-a-pgr-contra-ex-presidente-da-empresa\/","title":{"rendered":"Servidores dos Correios fazem den\u00fancia \u00e0 PGR contra ex-presidente da empresa"},"content":{"rendered":"<p class=\"ecxMsoNormal\">Radar Online &#8211;\u00a001\/06\/2016<\/p>\n<p class=\"ecxMsoNormal\"><b><br \/>\nGiovanni Queiroz: denunciado pelos servidores<\/b><\/p>\n<p class=\"ecxMsoNormal\">Servidores dos Correios enviaram \u00e0 PGR uma den\u00fancia contra o ex-presidente da empresa Giovanni Queiroz e contra diversos dirigentes da Postal Sa\u00fade, a Caixa de Assist\u00eancia e Sa\u00fade dos Empregados dos Correios.<\/p>\n<p class=\"ecxMsoNormal\">Na den\u00fancia sobrou tamb\u00e9m para o deputado Mario Heringer e para ex-vereador por S\u00e3o Paulo Netinho de Paula.<\/p>\n<p class=\"ecxMsoNormal\">Os servidores alegam que houve um grande aparelhamento da empresa pelo PDT e que diversos t\u00e9cnicos foram demitidos para dar espa\u00e7o a indicados pol\u00edticos, o que n\u00e3o s\u00f3 prejudicou a qualidade dos servi\u00e7os como tamb\u00e9m propiciou casos de corrup\u00e7\u00e3o.<\/p>\n<p class=\"ecxMsoNormal\">Eles citam em especial a Postal Sa\u00fade, que administra o plano m\u00e9dico dos funcion\u00e1rios.<\/p>\n<p class=\"ecxMsoNormal\">Dizem que ainda hoje est\u00e1 havendo gest\u00f5es fraudulentas de contratos com empresas investigadas pela Lava-Jato.<\/p>\n<p class=\"ecxMsoNormal\">Na representa\u00e7\u00e3o eles ainda anexam uma lista de 124 nomes de pessoas contratadas pela Postal Sa\u00fade por indica\u00e7\u00f5es pol\u00edticas e indicam testemunhas que podem esclarecer as falcatruas ao Minist\u00e9rio P\u00fablico.<\/p>\n<p class=\"ecxMsoNormal\"><span style=\"color: #333333;\"><a href=\"http:\/\/veja.abril.com.br\/blog\/radar-on-line\/brasil\/servidores-dos-correios-fazem-denuncia-a-pgr-contra-ex-presidente-da-empresa\/\" target=\"_blank\">http:\/\/veja.abril.com.br\/blog\/radar-on-line\/brasil\/servidores-dos-correios-fazem-denuncia-a-pgr-contra-ex-presidente-da-empresa\/<\/a><\/span><\/p>\n<div><\/div>\n<p class=\"ecxMsoNormal\">A den\u00fancia que foi apresentada ao MPF pode ser lida na \u00edntegra a partir do site do\u00a0<b>SINTECT-SJO<\/b>, no link:\u00a0<a href=\"http:\/\/sintect-sjo.com.br\/\" target=\"_blank\">http:\/\/sintect-sjo.com.br<\/a><\/p>\n","protected":false},"excerpt":{"rendered":"<p>Radar Online &#8211;\u00a001\/06\/2016 Giovanni Queiroz: denunciado pelos servidores Servidores dos Correios enviaram \u00e0 PGR uma den\u00fancia contra o ex-presidente da empresa Giovanni Queiroz e contra diversos dirigentes da Postal Sa\u00fade,&hellip;<\/p>\n","protected":false},"author":1,"featured_media":6786,"comment_status":"open","ping_status":"open","sticky":false,"template":"","format":"standard","meta":{"_editorskit_title_hidden":false,"_editorskit_reading_time":0,"_editorskit_is_block_options_detached":false,"_editorskit_block_options_position":"{}","footnotes":""},"categories":[5],"tags":[],"aioseo_notices":[],"_links":{"self":[{"href":"https:\/\/adcap.org.br\/index.php\/wp-json\/wp\/v2\/posts\/6785"}],"collection":[{"href":"https:\/\/adcap.org.br\/index.php\/wp-json\/wp\/v2\/posts"}],"about":[{"href":"https:\/\/adcap.org.br\/index.php\/wp-json\/wp\/v2\/types\/post"}],"author":[{"embeddable":true,"href":"https:\/\/adcap.org.br\/index.php\/wp-json\/wp\/v2\/users\/1"}],"replies":[{"embeddable":true,"href":"https:\/\/adcap.org.br\/index.php\/wp-json\/wp\/v2\/comments?post=6785"}],"version-history":[{"count":0,"href":"https:\/\/adcap.org.br\/index.php\/wp-json\/wp\/v2\/posts\/6785\/revisions"}],"wp:featuredmedia":[{"embeddable":true,"href":"https:\/\/adcap.org.br\/index.php\/wp-json\/wp\/v2\/media\/6786"}],"wp:attachment":[{"href":"https:\/\/adcap.org.br\/index.php\/wp-json\/wp\/v2\/media?parent=6785"}],"wp:term":[{"taxonomy":"category","embeddable":true,"href":"https:\/\/adcap.org.br\/index.php\/wp-json\/wp\/v2\/categories?post=6785"},{"taxonomy":"post_tag","embeddable":true,"href":"https:\/\/adcap.org.br\/index.php\/wp-json\/wp\/v2\/tags?post=6785"}],"curies":[{"name":"wp","href":"https:\/\/api.w.org\/{rel}","templated":true}]}}