{"id":6783,"date":"2016-06-01T23:54:55","date_gmt":"2016-06-01T23:54:55","guid":{"rendered":"http:\/\/www.adcap.org.br\/?p=6783"},"modified":"2016-06-02T23:55:23","modified_gmt":"2016-06-02T23:55:23","slug":"vem-ai-a-posse-da-adcap-nacional-e-nucleo-regional-de-brasilia","status":"publish","type":"post","link":"https:\/\/adcap.org.br\/index.php\/vem-ai-a-posse-da-adcap-nacional-e-nucleo-regional-de-brasilia\/","title":{"rendered":"Vem a\u00ed a Posse da ADCAP NACIONAL E N\u00daCLEO REGIONAL DE BRAS\u00cdLIA"},"content":{"rendered":"<p><strong>Solenidade de Posse da ADCAP<\/strong><br \/>\n<em><br \/>\n<\/em><br \/>\n<em>Tri\u00eanio 2016\/2019<\/em><\/p>\n<p>&nbsp;<\/p>\n<p>\u00c9 com satisfa\u00e7\u00e3o que convidamos a todos para a solenidade de posse das novas Diretorias da\u00a0<strong>ADCAP Nacional<\/strong><strong>\u00a0e do N\u00facleo Regional de Bras\u00edlia<\/strong>, tri\u00eanio 2016\/2019 e respectivos Conselhos Fiscais.<br \/>\n<strong>Data:<\/strong>\u00a009\/06\/2016<br \/>\n<strong>Hor\u00e1rio:<\/strong>\u00a018h30<br \/>\n<strong>Local:<\/strong>\u00a0Audit\u00f3rio da OAB Federal, em Bras\u00edlia DF.\u00a0Plen\u00e1rio do 3\u00ba andar, QD 05 \u2013 Lote 1 Bloco M \u2013 SAUS.<br \/>\nAp\u00f3s a cerim\u00f4nia ser\u00e1 servido um coquetel. Contamos com a sua presen\u00e7a!<\/p>\n<p>&nbsp;<\/p>\n<div>\n<p><strong>Dire\u00e7\u00e3o Nacional da ADCAP<\/strong><\/p>\n<\/div>\n","protected":false},"excerpt":{"rendered":"<p>Solenidade de Posse da ADCAP Tri\u00eanio 2016\/2019 &nbsp; \u00c9 com satisfa\u00e7\u00e3o que convidamos a todos para a solenidade de posse das novas Diretorias da\u00a0ADCAP Nacional\u00a0e do N\u00facleo Regional de Bras\u00edlia,&hellip;<\/p>\n","protected":false},"author":1,"featured_media":0,"comment_status":"open","ping_status":"open","sticky":false,"template":"","format":"standard","meta":{"_editorskit_title_hidden":false,"_editorskit_reading_time":0,"_editorskit_is_block_options_detached":false,"_editorskit_block_options_position":"{}","footnotes":""},"categories":[5],"tags":[],"aioseo_notices":[],"_links":{"self":[{"href":"https:\/\/adcap.org.br\/index.php\/wp-json\/wp\/v2\/posts\/6783"}],"collection":[{"href":"https:\/\/adcap.org.br\/index.php\/wp-json\/wp\/v2\/posts"}],"about":[{"href":"https:\/\/adcap.org.br\/index.php\/wp-json\/wp\/v2\/types\/post"}],"author":[{"embeddable":true,"href":"https:\/\/adcap.org.br\/index.php\/wp-json\/wp\/v2\/users\/1"}],"replies":[{"embeddable":true,"href":"https:\/\/adcap.org.br\/index.php\/wp-json\/wp\/v2\/comments?post=6783"}],"version-history":[{"count":0,"href":"https:\/\/adcap.org.br\/index.php\/wp-json\/wp\/v2\/posts\/6783\/revisions"}],"wp:attachment":[{"href":"https:\/\/adcap.org.br\/index.php\/wp-json\/wp\/v2\/media?parent=6783"}],"wp:term":[{"taxonomy":"category","embeddable":true,"href":"https:\/\/adcap.org.br\/index.php\/wp-json\/wp\/v2\/categories?post=6783"},{"taxonomy":"post_tag","embeddable":true,"href":"https:\/\/adcap.org.br\/index.php\/wp-json\/wp\/v2\/tags?post=6783"}],"curies":[{"name":"wp","href":"https:\/\/api.w.org\/{rel}","templated":true}]}}