{"id":6748,"date":"2016-05-23T14:48:19","date_gmt":"2016-05-23T14:48:19","guid":{"rendered":"http:\/\/www.adcap.org.br\/?p=6748"},"modified":"2016-05-23T14:48:19","modified_gmt":"2016-05-23T14:48:19","slug":"suspensa-cobranca-extra-do-postalis","status":"publish","type":"post","link":"https:\/\/adcap.org.br\/index.php\/suspensa-cobranca-extra-do-postalis\/","title":{"rendered":"Suspensa cobran\u00e7a extra do Postalis"},"content":{"rendered":"<p><a href=\"http:\/\/www.adcap.org.br\/wp-content\/uploads\/ImageProxy.mvc_.gif\" data-rel=\"penci-gallery-image-content\" ><img decoding=\"async\" loading=\"lazy\" class=\"alignnone wp-image-6710\" src=\"http:\/\/www.adcap.org.br\/wp-content\/uploads\/ImageProxy.mvc_.gif\" alt=\"ImageProxy.mvc\" width=\"754\" height=\"230\" \/><\/a><\/p>\n<p><strong>Suspensa cobran\u00e7a extra do Postalis<\/strong><\/p>\n<p><strong>A ADCAP<\/strong>\u00a0obteve liminar\u00a0<strong>que suspende a cobran\u00e7a extra de 17,92%\u00a0<\/strong>aprovada pelo Conselho Deliberativo do Postalis e pelos Correios.<\/p>\n<p>Conforme\u00a0<strong>primeiro compromisso firmado com os participantes e assistidos<\/strong>de reduzir a taxa extra imposta pelo Postalis e Correios tenho a alegria de anunciar \u00a0<strong>que conseguimos uma primeira e importante decis\u00e3o na justi\u00e7a suspendendo essa cobran\u00e7a extra.<\/strong><\/p>\n<p>A taxa extra j\u00e1 est\u00e1 lan\u00e7ada nos contra cheques de todos os trabalhadores e aposentados e pode ser consultada no RH24 horas.<\/p>\n<p><strong>Nossa luta para corrigir esses desmandos s\u00f3 est\u00e1 come\u00e7ando<\/strong>\u00a0e com a uni\u00e3o e participa\u00e7\u00e3o de todos vamos mudar o Postalis para muito melhor.<br \/>\nFraterno abra\u00e7o,<br \/>\n<strong>Luiz Alberto Menezes Barreto.<\/strong><\/p>\n<p><img decoding=\"async\" loading=\"lazy\" class=\"alignnone wp-image-6709\" src=\"http:\/\/www.adcap.org.br\/wp-content\/uploads\/ImageProxy.mvc-2.gif\" alt=\"ImageProxy.mvc-2\" width=\"752\" height=\"242\" \/><\/p>\n","protected":false},"excerpt":{"rendered":"<p>Suspensa cobran\u00e7a extra do Postalis A ADCAP\u00a0obteve liminar\u00a0que suspende a cobran\u00e7a extra de 17,92%\u00a0aprovada pelo Conselho Deliberativo do Postalis e pelos Correios. Conforme\u00a0primeiro compromisso firmado com os participantes e assistidosde&hellip;<\/p>\n","protected":false},"author":1,"featured_media":0,"comment_status":"open","ping_status":"open","sticky":false,"template":"","format":"standard","meta":{"_editorskit_title_hidden":false,"_editorskit_reading_time":0,"_editorskit_is_block_options_detached":false,"_editorskit_block_options_position":"{}","footnotes":""},"categories":[5,28,26],"tags":[],"aioseo_notices":[],"_links":{"self":[{"href":"https:\/\/adcap.org.br\/index.php\/wp-json\/wp\/v2\/posts\/6748"}],"collection":[{"href":"https:\/\/adcap.org.br\/index.php\/wp-json\/wp\/v2\/posts"}],"about":[{"href":"https:\/\/adcap.org.br\/index.php\/wp-json\/wp\/v2\/types\/post"}],"author":[{"embeddable":true,"href":"https:\/\/adcap.org.br\/index.php\/wp-json\/wp\/v2\/users\/1"}],"replies":[{"embeddable":true,"href":"https:\/\/adcap.org.br\/index.php\/wp-json\/wp\/v2\/comments?post=6748"}],"version-history":[{"count":0,"href":"https:\/\/adcap.org.br\/index.php\/wp-json\/wp\/v2\/posts\/6748\/revisions"}],"wp:attachment":[{"href":"https:\/\/adcap.org.br\/index.php\/wp-json\/wp\/v2\/media?parent=6748"}],"wp:term":[{"taxonomy":"category","embeddable":true,"href":"https:\/\/adcap.org.br\/index.php\/wp-json\/wp\/v2\/categories?post=6748"},{"taxonomy":"post_tag","embeddable":true,"href":"https:\/\/adcap.org.br\/index.php\/wp-json\/wp\/v2\/tags?post=6748"}],"curies":[{"name":"wp","href":"https:\/\/api.w.org\/{rel}","templated":true}]}}