{"id":6277,"date":"2016-03-09T19:52:39","date_gmt":"2016-03-09T19:52:39","guid":{"rendered":"http:\/\/www.adcap.org.br\/?p=6277"},"modified":"2016-03-09T19:52:39","modified_gmt":"2016-03-09T19:52:39","slug":"aparelhamento-politico-na-postal-saude","status":"publish","type":"post","link":"https:\/\/adcap.org.br\/index.php\/aparelhamento-politico-na-postal-saude\/","title":{"rendered":"APARELHAMENTO POL\u00cdTICO NA POSTAL SA\u00daDE"},"content":{"rendered":"<p>Prezado Associado,<\/p>\n<p>A Diretoria da Empresa, que assumiu em novembro\/2015, nos deixou confiantes que ocorreriam mudan\u00e7as, que seria resgatada a meritocracia e implantada uma gest\u00e3o profissional, quando destituiu os Diretores indicados politicamente da Postal Sa\u00fade e os substituiu por t\u00e9cnicos dos Correios. Tamb\u00e9m foram substitu\u00eddos os conselheiros indicados por t\u00e9cnicos de elevado gabarito.<\/p>\n<p>Importante destacar tamb\u00e9m o bom trabalho da VIGEP para cessar o suposto desvio mensal de milh\u00f5es de reais, atrav\u00e9s do Plano de Benef\u00edcio de Medicamentos, a revis\u00e3o dos contratos e uma auditoria na Postal Sa\u00fade.<\/p>\n<p>Mas, passados quatro meses, sentimos o retorno do modus operandi que era utilizado pelo partido pol\u00edtico que se achava dono dos Correios.<\/p>\n<p>Observem as \u00faltimas mudan\u00e7as que a atual administra\u00e7\u00e3o dos Correios\u00a0fez\u00a0e est\u00e1 fazendo\u00a0na Postal Sa\u00fade.<br \/>\n<strong>1.\u00a0\u00a0<\/strong>\u00a0Substituiu os Gerentes de 14 (quatorze) URR \u2013 Unidade de Representa\u00e7\u00e3o Regional\u00a0(AC, AM, AP, CE, DF, GO, MG, MS, MT, PA, PB, PE, PR e RJ)\u00a0por indicados pol\u00edticos\u00a0de fora dos quadros da ECT e da Postal Sa\u00fade.<\/p>\n<p><strong>2.\u00a0<\/strong>\u00a0\u00a0Indicou, para a Diretoria Administrativa e Financeira, um correligion\u00e1rio filiado ao PDT, candidato a Prefeito derrotado nas elei\u00e7\u00f5es de 2012 no Munic\u00edpio de Guajar\u00e1\u2013Mirim &#8211; RO e ex &#8211; Superintendente Regional do Trabalho no Estado de Rond\u00f4nia, em substitui\u00e7\u00e3o a um empregado de carreira dos Correios.<\/p>\n<p><strong>3.\u00a0<\/strong>\u00a0\u00a0Criou a fun\u00e7\u00e3o de Especialista Regional da Postal Sa\u00fade, com sal\u00e1rio aproximado de R$ 15.000,00, talvez para acomodar os indicados pol\u00edticos que, logicamente, contribuir\u00e3o apenas no aumento de despesas. Ou, o que \u00e9 pior, para acomodar alguns dos gerentes substitu\u00eddos, que ter\u00e3o a miss\u00e3o de realizar de fato o trabalho que deveria ser feito pelos Gerentes de URR (os aliados pol\u00edticos que n\u00e3o t\u00eam nenhum conhecimento sobre o assunto e apenas &#8220;ganhariam&#8221; um bom sal\u00e1rio). Na vota\u00e7\u00e3o da cria\u00e7\u00e3o dessa fun\u00e7\u00e3o, tivemos uma peculiaridade: a aprova\u00e7\u00e3o da cria\u00e7\u00e3o das respectivas fun\u00e7\u00f5es pelo Conselho Deliberativo deu-se com a seguinte vota\u00e7\u00e3o: 3 (tr\u00eas) votos contr\u00e1rios dos Conselheiros eleitos: An\u00e9zio Rodrigues, Ney Bixiga e Laerte Set\u00fabal. 3 (tr\u00eas) votos favor\u00e1veis do Conselheiros Indicados pela ECT: Heli Siqueira de Azevedo, Claudio Roberto Mathias Cabral e Fl\u00e1vio Roberto Fay de Souza (Presidente). Como houve empate, o voto de minerva do Presidente decidiu pela cria\u00e7\u00e3o das fun\u00e7\u00f5es.<br \/>\nO que se verifica \u00e9 que os indicados pelo PDT, que estavam como superintendente do trabalho nos estados, est\u00e3o migrando para os Correios como cedidos e para a Postal Sa\u00fade.<\/p>\n<p>At\u00e9 o momento, na Postal Sa\u00fade j\u00e1 foram indicadas 25 pessoas com v\u00ednculos partid\u00e1rios e, pelo ritmo exponencial, parece que toda a Postal Sa\u00fade ser\u00e1 administrada por militantes partid\u00e1rios. Dentre as indica\u00e7\u00f5es uma das principais Diretorias, a Administrativa e Financeira.<\/p>\n<p>Consideramos totalmente incoerente a postura da administra\u00e7\u00e3o da ECT junto \u00e0 Postal Sa\u00fade em decorr\u00eancia da situa\u00e7\u00e3o financeira da empresa que \u00e9 a patrocinadora do plano de sa\u00fade e do discurso inicial do Sr. Presidente dos Correios, que mencionou a meritocracia como uma de suas principais diretrizes.<\/p>\n<p>N\u00e3o d\u00e1 para aceitar que outro partido venha \u201cpagar suas faturas\u201d \u00e0s custas dos recursos da Empresa, via Postal Sa\u00fade. E menos ainda que, com o aparelhamento pol\u00edtico, piore ainda mais um quadro de atendimento \u00e0 sa\u00fade que j\u00e1 \u00e9 cr\u00edtico.<\/p>\n<p>A ADCAP surpreende-se com a demonstra\u00e7\u00e3o de total desalinhamento da dire\u00e7\u00e3o da Empresa com rela\u00e7\u00e3o \u00e0 nova realidade brasileira, onde a sociedade demonstra estar cansada dessa pol\u00edtica barata de trocar apoio por cargos, de ocupar fun\u00e7\u00f5es em \u00f3rg\u00e3os e empresas p\u00fablicas exigindo apenas, como requisito, a filia\u00e7\u00e3o e milit\u00e2ncia pol\u00edtico-partid\u00e1ria. Defendemos a legalidade, exigimos o cumprimento dos Princ\u00edpios Constitucionais que regem a Administra\u00e7\u00e3o P\u00fablica, a ECT, o Postalis e a Postal Sa\u00fade, e continuaremos denunciado sempre que identificarmos m\u00e1 gest\u00e3o e farra com o dinheiro p\u00fablico, independente do partido pol\u00edtico de plant\u00e3o.<br \/>\nBASTA!<\/p>\n","protected":false},"excerpt":{"rendered":"<p>Prezado Associado, A Diretoria da Empresa, que assumiu em novembro\/2015, nos deixou confiantes que ocorreriam mudan\u00e7as, que seria resgatada a meritocracia e implantada uma gest\u00e3o profissional, quando destituiu os Diretores&hellip;<\/p>\n","protected":false},"author":1,"featured_media":0,"comment_status":"open","ping_status":"open","sticky":false,"template":"","format":"standard","meta":{"_editorskit_title_hidden":false,"_editorskit_reading_time":0,"_editorskit_is_block_options_detached":false,"_editorskit_block_options_position":"{}","footnotes":""},"categories":[5],"tags":[],"aioseo_notices":[],"_links":{"self":[{"href":"https:\/\/adcap.org.br\/index.php\/wp-json\/wp\/v2\/posts\/6277"}],"collection":[{"href":"https:\/\/adcap.org.br\/index.php\/wp-json\/wp\/v2\/posts"}],"about":[{"href":"https:\/\/adcap.org.br\/index.php\/wp-json\/wp\/v2\/types\/post"}],"author":[{"embeddable":true,"href":"https:\/\/adcap.org.br\/index.php\/wp-json\/wp\/v2\/users\/1"}],"replies":[{"embeddable":true,"href":"https:\/\/adcap.org.br\/index.php\/wp-json\/wp\/v2\/comments?post=6277"}],"version-history":[{"count":0,"href":"https:\/\/adcap.org.br\/index.php\/wp-json\/wp\/v2\/posts\/6277\/revisions"}],"wp:attachment":[{"href":"https:\/\/adcap.org.br\/index.php\/wp-json\/wp\/v2\/media?parent=6277"}],"wp:term":[{"taxonomy":"category","embeddable":true,"href":"https:\/\/adcap.org.br\/index.php\/wp-json\/wp\/v2\/categories?post=6277"},{"taxonomy":"post_tag","embeddable":true,"href":"https:\/\/adcap.org.br\/index.php\/wp-json\/wp\/v2\/tags?post=6277"}],"curies":[{"name":"wp","href":"https:\/\/api.w.org\/{rel}","templated":true}]}}