{"id":6165,"date":"2015-05-19T18:09:27","date_gmt":"2015-05-19T18:09:27","guid":{"rendered":"http:\/\/www.adcap.org.br\/?p=6165"},"modified":"2016-02-25T18:09:55","modified_gmt":"2016-02-25T18:09:55","slug":"adcap-participara-de-audiencia-publica-no-senado-sobre-o-postalis-2","status":"publish","type":"post","link":"https:\/\/adcap.org.br\/index.php\/adcap-participara-de-audiencia-publica-no-senado-sobre-o-postalis-2\/","title":{"rendered":"ADCAP participar\u00e1 de audi\u00eancia p\u00fablica no  Senado sobre o POSTALIS"},"content":{"rendered":"<p>O Presidente da ADCAP, Luiz Alberto Menezes Barreto, participar\u00e1 de audi\u00eancia p\u00fablica no Senado a ser realizada no dia 09 de junho.<\/p>\n<p>A audi\u00eancia, proposta pelo senador Flexa Ribeiro (PSDB-PA), foi marcada para o dia 09\/06 pelo presidente da Comiss\u00e3o de Meio Ambiente, Defesa do Consumidor e Fiscaliza\u00e7\u00e3o e Controle (CMA), senador Otto Alencar (PSD-BA).<\/p>\n<p>Ser\u00e3o tamb\u00e9m convidados para a audi\u00eancia o presidente do Postalis, o presidente dos Correios, o diretor-superintendente da PREVIC e o secret\u00e1rio geral da FENTECT.<\/p>\n<p>Mais informa\u00e7\u00f5es na\u00a0<a href=\"https:\/\/emailmarketing.locaweb.com.br\/accounts\/39849\/messages\/186\/clicks\/7176\/212\">mat\u00e9ria da Ag\u00eancia Senado<\/a>.<\/p>\n<p>&nbsp;<\/p>\n<p>&nbsp;<\/p>\n<p><strong>Dire\u00e7\u00e3o Nacional da ADCAP.<\/strong><\/p>\n","protected":false},"excerpt":{"rendered":"<p>O Presidente da ADCAP, Luiz Alberto Menezes Barreto, participar\u00e1 de audi\u00eancia p\u00fablica no Senado a ser realizada no dia 09 de junho. A audi\u00eancia, proposta pelo senador Flexa Ribeiro (PSDB-PA),&hellip;<\/p>\n","protected":false},"author":1,"featured_media":0,"comment_status":"open","ping_status":"open","sticky":false,"template":"","format":"standard","meta":{"_editorskit_title_hidden":false,"_editorskit_reading_time":0,"_editorskit_is_block_options_detached":false,"_editorskit_block_options_position":"{}","footnotes":""},"categories":[26],"tags":[],"aioseo_notices":[],"_links":{"self":[{"href":"https:\/\/adcap.org.br\/index.php\/wp-json\/wp\/v2\/posts\/6165"}],"collection":[{"href":"https:\/\/adcap.org.br\/index.php\/wp-json\/wp\/v2\/posts"}],"about":[{"href":"https:\/\/adcap.org.br\/index.php\/wp-json\/wp\/v2\/types\/post"}],"author":[{"embeddable":true,"href":"https:\/\/adcap.org.br\/index.php\/wp-json\/wp\/v2\/users\/1"}],"replies":[{"embeddable":true,"href":"https:\/\/adcap.org.br\/index.php\/wp-json\/wp\/v2\/comments?post=6165"}],"version-history":[{"count":0,"href":"https:\/\/adcap.org.br\/index.php\/wp-json\/wp\/v2\/posts\/6165\/revisions"}],"wp:attachment":[{"href":"https:\/\/adcap.org.br\/index.php\/wp-json\/wp\/v2\/media?parent=6165"}],"wp:term":[{"taxonomy":"category","embeddable":true,"href":"https:\/\/adcap.org.br\/index.php\/wp-json\/wp\/v2\/categories?post=6165"},{"taxonomy":"post_tag","embeddable":true,"href":"https:\/\/adcap.org.br\/index.php\/wp-json\/wp\/v2\/tags?post=6165"}],"curies":[{"name":"wp","href":"https:\/\/api.w.org\/{rel}","templated":true}]}}