{"id":5970,"date":"2016-02-11T19:56:23","date_gmt":"2016-02-11T19:56:23","guid":{"rendered":"http:\/\/www.adcap.org.br\/?p=5970"},"modified":"2016-07-18T20:21:33","modified_gmt":"2016-07-18T20:21:33","slug":"ultima-chamada-aberta-as-insccoes-das-previas-da-adcap-para-eleicoespostalis","status":"publish","type":"post","link":"https:\/\/adcap.org.br\/index.php\/ultima-chamada-aberta-as-insccoes-das-previas-da-adcap-para-eleicoespostalis\/","title":{"rendered":"\u00daLTIMA CHAMADA &#8211; ABERTA AS INSCRI\u00c7\u00d5ES DAS PR\u00c9VIAS DA ADCAP PARA ELEI\u00c7\u00d5ES DO POSTALIS\u200f"},"content":{"rendered":"<p class=\"ecxMsoNormal\">Conforme j\u00e1 divulgado, \u00a0lembramos que a ADCAP desencadeou Elei\u00e7\u00f5es Pr\u00e9vias para a escolha do candidato a ser apoiado por esta Associa\u00e7\u00e3o,\u00a0ao cargo de Diretor Administrativo e Financeiro do Postalis.\u00a0As inscri\u00e7\u00f5es est\u00e3o abertas aos associados, at\u00e9 amanh\u00e3,<strong>\u00a012 de fevereiro.<\/strong><\/p>\n<p class=\"ecxMsoNormal\">O objetivo da ADCAP com suas pr\u00e9vias, pr\u00e1tica j\u00e1 adotada\u00a0para outras elei\u00e7\u00f5es anteriores, \u00e9 apoiar o melhor candidato para este importante cargo no Postalis e criar converg\u00eancia interna, por interm\u00e9dio de um processo transparente e democr\u00e1tico.<\/p>\n<p class=\"ecxMsoNormal\">T\u00e3o importante quanto o resultado das pr\u00e9vias, que busca encontrar o candidato mais preparado e qualificado na opini\u00e3o dos seus associados,\u00a0 \u00e9 o fortalecimento da ADCAP como institui\u00e7\u00e3o associativa que difunde e preserva valores fundamentais para a nossa sociedade: a lisura de prop\u00f3sitos e a corre\u00e7\u00e3o de suas pr\u00e1ticas.<\/p>\n<p class=\"ecxMsoNormal\">Desta forma, j\u00e1 est\u00e3o dispon\u00edveis no site da ADCAP\u00a0<a href=\"https:\/\/emailmarketing.locaweb.com.br\/accounts\/39849\/messages\/422\/clicks\/%5bid%5d\/504\" target=\"_blank\">www.adcap.org.br<\/a>\u00a0\u00a0todas as informa\u00e7\u00f5es sobre as pr\u00e9vias, dentre as quais destacamos:<\/p>\n<p class=\"ecxMsoNormal\"><strong>1.<\/strong>\u00a0As pr\u00e9vias ser\u00e3o realizadas em turno \u00fanico, por vota\u00e7\u00e3o eletr\u00f4nica, em raz\u00e3o dos prazos para as inscri\u00e7\u00f5es nas elei\u00e7\u00f5es do Postalis;<\/p>\n<p class=\"ecxMsoNormal\"><strong>2.<\/strong>\u00a0Os candidatos para realizarem sua inscri\u00e7\u00e3o dever\u00e3o possuir pelo menos 2 anos de associa\u00e7\u00e3o &#8211; requisito exigido pelo Estatuto para concorrer a cargos dentro da pr\u00f3pria associa\u00e7\u00e3o e que considera o m\u00ednimo de tempo associativo para participar de processos t\u00e3o importantes &#8211; assim como, atender aos requisitos exigidos pelo Estatuto do Postalis e da legisla\u00e7\u00e3o para o exerc\u00edcio do cargo de Diretor no Postalis;<\/p>\n<p class=\"ecxMsoNormal\"><strong>3.<\/strong>\u00a0As campanhas ser\u00e3o custeadas pelos pr\u00f3prios candidatos e ocorrer\u00e3o de 16 a 28 de fevereiro. A ADCAP divulgar\u00e1 a rela\u00e7\u00e3o de candidatos e suas plataformas no site da associa\u00e7\u00e3o e por mensagem eletr\u00f4nica aos associados;<\/p>\n<p class=\"ecxMsoNormal\"><strong>4.<\/strong>\u00a0A coordena\u00e7\u00e3o das Pr\u00e9vias ser\u00e1 realizada por Comiss\u00e3o de Coordena\u00e7\u00e3o aprovada pela Diretoria da ADCAP, com compet\u00eancia para decidir todas asa mat\u00e9rias relativas ao Processo;<\/p>\n<p class=\"ecxMsoNormal\"><strong>5.<\/strong>\u00a0A vota\u00e7\u00e3o ser\u00e1 realizada de\u00a0<strong>29\/02 a 04\/03<\/strong>;<\/p>\n<p class=\"ecxMsoNormal\"><strong>6.<\/strong>\u00a0Os candidatos dever\u00e3o preencher e assinar a Ficha de Inscri\u00e7\u00e3o e o Termo de Compromisso e enviar a ADCAP NACIONAL por e-mail:\u00a0<a href=\"mailto:adcapnacional@adcap.org.br\">adcapnacional@adcap.org.br<\/a><\/p>\n<p class=\"ecxMsoNormal\">Os candidatos que realizaram sua inscri\u00e7\u00e3o pr\u00e9via, dever\u00e3o confirm\u00e1-las atrav\u00e9s do envio das fichas e dos termos de compromisso.<\/p>\n<p class=\"ecxMsoNormal\">Desejamos aos futuros candidatos boa sorte.<\/p>\n<p class=\"ecxMsoNormal\"><strong>Comiss\u00e3o de Coordena\u00e7\u00e3o.<\/strong><\/p>\n","protected":false},"excerpt":{"rendered":"<p>Conforme j\u00e1 divulgado, \u00a0lembramos que a ADCAP desencadeou Elei\u00e7\u00f5es Pr\u00e9vias para a escolha do candidato a ser apoiado por esta Associa\u00e7\u00e3o,\u00a0ao cargo de Diretor Administrativo e Financeiro do Postalis.\u00a0As inscri\u00e7\u00f5es&hellip;<\/p>\n","protected":false},"author":1,"featured_media":0,"comment_status":"open","ping_status":"open","sticky":false,"template":"","format":"standard","meta":{"_editorskit_title_hidden":false,"_editorskit_reading_time":0,"_editorskit_is_block_options_detached":false,"_editorskit_block_options_position":"{}","footnotes":""},"categories":[5,26],"tags":[],"aioseo_notices":[],"_links":{"self":[{"href":"https:\/\/adcap.org.br\/index.php\/wp-json\/wp\/v2\/posts\/5970"}],"collection":[{"href":"https:\/\/adcap.org.br\/index.php\/wp-json\/wp\/v2\/posts"}],"about":[{"href":"https:\/\/adcap.org.br\/index.php\/wp-json\/wp\/v2\/types\/post"}],"author":[{"embeddable":true,"href":"https:\/\/adcap.org.br\/index.php\/wp-json\/wp\/v2\/users\/1"}],"replies":[{"embeddable":true,"href":"https:\/\/adcap.org.br\/index.php\/wp-json\/wp\/v2\/comments?post=5970"}],"version-history":[{"count":0,"href":"https:\/\/adcap.org.br\/index.php\/wp-json\/wp\/v2\/posts\/5970\/revisions"}],"wp:attachment":[{"href":"https:\/\/adcap.org.br\/index.php\/wp-json\/wp\/v2\/media?parent=5970"}],"wp:term":[{"taxonomy":"category","embeddable":true,"href":"https:\/\/adcap.org.br\/index.php\/wp-json\/wp\/v2\/categories?post=5970"},{"taxonomy":"post_tag","embeddable":true,"href":"https:\/\/adcap.org.br\/index.php\/wp-json\/wp\/v2\/tags?post=5970"}],"curies":[{"name":"wp","href":"https:\/\/api.w.org\/{rel}","templated":true}]}}