{"id":5917,"date":"2016-01-15T20:04:30","date_gmt":"2016-01-15T20:04:30","guid":{"rendered":"http:\/\/www.adcap.org.br\/?p=5917"},"modified":"2016-01-15T20:04:30","modified_gmt":"2016-01-15T20:04:30","slug":"planos-de-saude-terao-prazos-para-atendimento-e-resposta-a-consumidor","status":"publish","type":"post","link":"https:\/\/adcap.org.br\/index.php\/planos-de-saude-terao-prazos-para-atendimento-e-resposta-a-consumidor\/","title":{"rendered":"Planos de sa\u00fade ter\u00e3o prazos para atendimento e resposta a consumidor"},"content":{"rendered":"<p>G1<br \/>\n15\/01\/2015<\/p>\n<p>A Ag\u00eancia Nacional de Sa\u00fade Suplementar (ANS) criou novas regras para melhorar o atendimento prestado pelas operadoras de planos de sa\u00fade nos pedidos de procedimentos e servi\u00e7os de cobertura assistencial. As medidas entrar\u00e3o em vigor no dia 15 de maio e estabelecem prazos para a presta\u00e7\u00e3o de informa\u00e7\u00f5es ao consumidor, disciplinando o atendimento, e obrigam as operadoras a disponibilizar canais de contato presencial e telef\u00f4nico.<\/p>\n<p>As operadoras devem prestar imediatamente aos seus benefici\u00e1rios as informa\u00e7\u00f5es e orienta\u00e7\u00f5es sobre o procedimento ou servi\u00e7o assistencial solicitado, esclarecendo se h\u00e1 cobertura prevista no Rol de Procedimentos e Eventos em Sa\u00fade da ANS ou no contrato.<\/p>\n<p>Tamb\u00e9m estabelece a implanta\u00e7\u00e3o de unidade para atendimento presencial funcionando em hor\u00e1rio comercial durante os dias \u00fateis nas capitais dos estados ou regi\u00f5es de maior atua\u00e7\u00e3o dos planos, exceto para as operadoras de pequeno porte, as exclusivamente odontol\u00f3gicas, as filantr\u00f3picas e autogest\u00f5es.<\/p>\n<p>As empresas de grande porte tamb\u00e9m ter\u00e3o que oferecer atendimento telef\u00f4nico ao consumidor durante 24 horas, sete dias por semana, e as de m\u00e9dio e pequeno porte, as exclusivamente odontol\u00f3gicas e filantr\u00f3picas dever\u00e3o ter canal telef\u00f4nico para atendimento em hor\u00e1rio comercial nos dias \u00fateis.<\/p>\n<p>Para assegurar o atendimento aos casos de urg\u00eancia e emerg\u00eancia, todas as operadoras dever\u00e3o disponibilizar atendimento telef\u00f4nico 24 horas, todos os dias da semana.<\/p>\n<p>A resolu\u00e7\u00e3o exige ainda que sempre que houver solicita\u00e7\u00e3o de procedimento ou servi\u00e7o de cobertura assistencial dever\u00e1 ser fornecido n\u00famero de protocolo no in\u00edcio do atendimento ou logo que o atendente identifique que se trata de demanda que envolva cobertura assistencial.<\/p>\n<p>Em caso de descumprimento das regras previstas na resolu\u00e7\u00e3o normativa, a operadora est\u00e1 sujeita a multa de R$ 30 mil. Caso a infra\u00e7\u00e3o venha a se configurar em negativa de cobertura, a operadora tamb\u00e9m estar\u00e1 sujeita a multa \u2013 nesse caso, os valores v\u00e3o de R$ 80 mil a R$ 100 mil.<\/p>\n<p>Prazos<\/p>\n<p>De acordo com a ANS, nos casos em que n\u00e3o seja poss\u00edvel dar uma resposta imediata \u00e0 solicita\u00e7\u00e3o de procedimento ou servi\u00e7o de cobertura, as operadoras ter\u00e3o prazo de at\u00e9 cinco dias \u00fateis para responder diretamente aos benefici\u00e1rios.<\/p>\n<p>Caso a resposta apresentada negue a realiza\u00e7\u00e3o de procedimentos ou servi\u00e7os solicitados, deve ser informado detalhadamente o motivo e o dispositivo legal que o justifique. Nas solicita\u00e7\u00f5es de procedimentos de alta complexidade ou de atendimento em regime de interna\u00e7\u00e3o eletiva, o prazo para resposta \u00e9 de at\u00e9 10 dias \u00fateis. J\u00e1 para procedimentos de urg\u00eancia e emerg\u00eancia, a resposta deve ser imediata (veja mais informa\u00e7\u00f5es abaixo).<\/p>\n<p>Nos casos de solicita\u00e7\u00e3o de procedimentos ou servi\u00e7os em que os prazos m\u00e1ximos para garantia de atendimento sejam inferiores a 5 dias, a resposta da operadora ao benefici\u00e1rio dever\u00e1 se dar dentro do prazo previsto na Resolu\u00e7\u00e3o Normativa n\u00b0 259, de 2011.<\/p>\n<p>O consumidor tamb\u00e9m poder\u00e1 pedir o envio dessas informa\u00e7\u00f5es por escrito em at\u00e9 24 horas e requerer rean\u00e1lise da sua solicita\u00e7\u00e3o, que ser\u00e1 avaliada pela Ouvidoria da empresa. Com isso, ele tem a oportunidade de recorrer da negativa dentro da pr\u00f3pria operadora. Se a empresa dificultar ou tentar impedir essa rean\u00e1lise, ser\u00e1 configurada infra\u00e7\u00e3o por n\u00e3o observ\u00e2ncia \u00e0s regras sobre atendimento aos benefici\u00e1rios nas solicita\u00e7\u00f5es de cobertura assistencial.<\/p>\n<p>Acesso aos dados<\/p>\n<p>As operadoras dever\u00e3o arquivar, pelo prazo de 90 dias, e disponibilizar, em meio impresso ou eletr\u00f4nico, os dados do atendimento ao benefici\u00e1rio, identificando o registro num\u00e9rico de atendimento, assegurando a guarda, manuten\u00e7\u00e3o da grava\u00e7\u00e3o e registro.<\/p>\n<p>O benefici\u00e1rio poder\u00e1 requerer que as informa\u00e7\u00f5es prestadas sejam encaminhadas por correspond\u00eancia ou meio eletr\u00f4nico, no prazo m\u00e1ximo de 24 horas. Caso solicitem, tamb\u00e9m poder\u00e3o ter acesso aos registros de seus atendimentos, em at\u00e9 72 horas a contar da realiza\u00e7\u00e3o do pedido.<\/p>\n<p>Veja o prazo m\u00e1ximo de atendimento por procedimentos:<\/p>\n<p>Consulta b\u00e1sica &#8211; pediatria, cl\u00ednica m\u00e9dica, cirurgia geral, ginecologia e obstetr\u00edcia &#8211; 7 dias<br \/>\nConsulta nas demais especialidades \u2013 14 dias<br \/>\nConsulta\/ sess\u00e3o com fonoaudi\u00f3logo \u2013 10 dias<br \/>\nConsulta\/ sess\u00e3o com nutricionista \u2013 10 dias<br \/>\nConsulta\/ sess\u00e3o com psic\u00f3logo \u2013 10 dias<br \/>\nConsulta\/ sess\u00e3o com terapeuta ocupacional \u2013 10 dias<br \/>\nConsulta\/ sess\u00e3o com fisioterapeuta &#8211; 10 dias<br \/>\nConsulta e procedimentos realizados em consult\u00f3rio\/ cl\u00ednica com cirurgi\u00e3o-dentista \u2013 7 dias<br \/>\nServi\u00e7os de diagn\u00f3stico por laborat\u00f3rio de an\u00e1lises cl\u00ednicas em regime ambulatorial \u2013 3 dias<br \/>\nDemais servi\u00e7os de diagn\u00f3stico e terapia em regime ambulatorial \u2013 10 dias<br \/>\nProcedimentos de alta complexidade (PAC) \u2013 21 dias<br \/>\nAtendimento em regimento hospital-dia \u2013 10 dias<br \/>\nAtendimento em regime de interna\u00e7\u00e3o eletiva \u2013 21 dias<br \/>\nUrg\u00eancia e emerg\u00eancia \u2013 imediato<br \/>\nConsulta de retorno &#8211; a crit\u00e9rio do profissional respons\u00e1vel pelo atendimento<\/p>\n<p><b>Saiba o que fazer em caso de recusa do plano de sa\u00fade<\/b><\/p>\n<p>R\u00e1dio EBC<br \/>\n15\/01\/2016<\/p>\n<p>Est\u00e3o em vigor, desde o come\u00e7o do ano, as 21 novas coberturas obrigat\u00f3rias em todos os planos de sa\u00fade, individuais ou coletivos. Entre outros, incluem exames de laborat\u00f3rio, medicamento oral para tratamento de c\u00e2ncer em casa, maior n\u00famero de consultas com nutricionistas, fonoaudi\u00f3logos e psicoterapeutas. E o principal, neste momento: exames r\u00e1pidos contra a dengue e o zika v\u00edrus.<\/p>\n<p>Para saber a lista completa dos novos procedimentos obrigat\u00f3rios nos planos de sa\u00fade, clique aqui e entre na p\u00e1gina da Ag\u00eancia Nacional de Sa\u00fade Suplementar\u00a0 (ANS), onde deve ser registrada qualquer reclama\u00e7\u00e3o, mesmo que ela tenha sido encaminhada para algum Procon.<\/p>\n<p>Para detalhar os procedimentos que a pessoa prejudicada por um plano de sa\u00fade, justo na hora que mais precisa, tem que tomar, a convidada da Entrevista de Valor do Em Conta desta sexta-feira (15) \u00e9 a coordenadora institucional da Proteste \u2013 Associa\u00e7\u00e3o de Consumidores, Maria In\u00eas Dolci.Segundo a coordenadora, na hora de uma recusa, a pessoa prejudicada precisa pegar, se poss\u00edvel, a recusa por escrito, mesmo que seja por e-mail, com os motivos, de prefer\u00eancia, citando, se for o caso, algum item do contrato assinado entre as partes, ou mesmo o n\u00famero do protocolo, se for por telefone, ou testemunha.<\/p>\n<p>Outra recomenda\u00e7\u00e3o que vale a pena destacar \u00e9 o cuidado que sempre \u00e9 preciso ter na hora de fazer uma den\u00fancia, principalmente se usar as redes sociais, via internet. De acordo com Maria In\u00eas Dolci, a empresa do plano de sa\u00fade nunca pode ser difamada.<\/p>\n<p>Para fazer a den\u00fancia, a pessoa prejudicada pelo plano de sa\u00fade tem uma por\u00e7\u00e3o de caminhos a seguir em caso de recusa de atendimento. Antes, o aviso da entrevistada: nunca pague adiantado sem antes pegar a recusa do plano de sa\u00fade por escrito.<\/p>\n<p>Os diversos caminhos:<\/p>\n<p>1- Tribunais de Justi\u00e7a atrav\u00e9s do juiz de plant\u00e3o para atender casos urgentes que dependem de uma liminar.<br \/>\n2 &#8211;\u00a0 Ag\u00eancia Nacional da Sa\u00fade Suplementar (ANS), que, em caso positivo, multar\u00e1 o plano de sa\u00fade e ter\u00e1 um levantamento para, se for o caso, fech\u00e1-lo.<br \/>\n3 &#8211;\u00a0 \u00d3rg\u00e3os de defesa do consumidor (Procons, Proteste, etc).<br \/>\n4 &#8211; P\u00e1ginas especializadas no assunto nas redes sociais da internet.<\/p>\n<p>Para ouvir a entrevista por completo, clique no player.<\/p>\n<p><a href=\"http:\/\/radios.ebc.com.br\/em-conta\/edicao\/2016-01\/saiba-o-que-fazer-em-caso-de-recusa-do-plano-de-saude-0\" target=\"_blank\">http:\/\/radios.ebc.com.br\/em-conta\/edicao\/2016-01\/saiba-o-que-fazer-em-caso-de-recusa-do-plano-de-saude-0<\/a><\/p>\n<p><b>ANS e Senacon lan\u00e7am boletim sobre planos de sa\u00fade<\/b><\/p>\n<p>O Globo<br \/>\n14\/01\/2016<\/p>\n<p>Primeiro \u00e9 sobre resolu\u00e7\u00e3o que obriga cria\u00e7\u00e3o de \u00e1reas exclusivas a segurados<\/p>\n<p>RIO &#8211; A Ag\u00eancia Nacional de Sa\u00fade Suplementar (ANS) e a Secretaria Nacional do Consumidor (SENACON\/MJ) est\u00e3o lan\u00e7ando um boletim informativo eletr\u00f4nico sobre temas relacionados ao setor de planos de sa\u00fade. O objetivo \u00e9 ampliar a dissemina\u00e7\u00e3o de informa\u00e7\u00f5es entre os \u00f3rg\u00e3os de defesa do consumidor e, dessa forma, contribuir para que toda a sociedade tenha maior acesso aos direitos e deveres do contratante de plano de sa\u00fade. A primeira edi\u00e7\u00e3o trata da a Resolu\u00e7\u00e3o Normativa n\u00ba 389\/2015, a RN da Transpar\u00eancia, que obriga as operadoras a criarem \u00e1reas exclusivas para consumidores e pessoas jur\u00eddicas contratantes de planos de sa\u00fade em seus portais na internet.<\/p>\n<p>Diretora-presidente substituta da ANS, Simone Freire destaca que o objetivo \u00e9 ampliar a forma de disseminar informa\u00e7\u00f5es relevantes para o consumidor e, dessa forma, lhe dar mais poder.<\/p>\n<p>\u201cA parceria com os \u00f3rg\u00e3os de defesa do consumidor \u00e9 fundamental para garantir que cada vez mais o cidad\u00e3o conhe\u00e7a seus direitos e fa\u00e7a escolhas bem embasadas\u201d, destacou.<\/p>\n<p>O boletim ficar\u00e1 dispon\u00edvel nos portais da ANS e da Secretaria Nacional do Consumidor e ser\u00e1 enviado para os \u00f3rg\u00e3os que integram o Sistema Nacional de Defesa do Consumidor.<\/p>\n<p>Para a Diretora substituta do Departamento de Prote\u00e7\u00e3o e Defesa do Consumidor (DPDC), Lorena Tamanini Rocha Tavares, trata-se de uma importante ferramenta de comunica\u00e7\u00e3o:<\/p>\n<p>\u201cO Boletim cumpre um papel importante na medida que possibilita a dissemina\u00e7\u00e3o de informa\u00e7\u00f5es relevantes aos consumidores de planos de sa\u00fade. Al\u00e9m disso, ele alcan\u00e7a tamb\u00e9m um p\u00fablico que nos \u00e9 muito caro, os t\u00e9cnicos dos \u00f3rg\u00e3os de defesa do consumidor. Para esse p\u00fablico, o informativo possibilita a apresenta\u00e7\u00e3o do direito contextualizado, permitindo que essa informa\u00e7\u00e3o apoie as atividades de atendimento na ponta\u201d.<\/p>\n<p><b>Plano de sa\u00fade individual pode ter reajuste de at\u00e9 20% em 2016<\/b><\/p>\n<p>Extra<br \/>\n14\/01\/16<\/p>\n<p>A julgar pela infla\u00e7\u00e3o m\u00e9dica, o reajuste de planos de sa\u00fade este ano poder\u00e1 variar de 17,1% a 20%. Um estudo encomendado pela Confedera\u00e7\u00e3o Nacional de Sa\u00fade (CNS) aponta para o \u00edndice mais elevado, puxado pela alta do d\u00f3lar, j\u00e1 que medicamentos, insumos e equipamentos s\u00e3o comprados em moeda estrangeira. A data-base do aumento para os consumidores \u00e9 maio.<\/p>\n<p>\u2014 Com o aumento, empresas e m\u00e9dicos repassar\u00e3o parte dos custos para consultas, exames e tratamentos. N\u00e3o haver\u00e1 escapat\u00f3ria \u2014 disse o presidente da CNS, T\u00e9rcio Kasten.<\/p>\n<p>J\u00e1 o custo das operadoras de planos de sa\u00fade com o pagamento de consultas, exames, terapias e interna\u00e7\u00f5es, apurado pelo \u00cdndice de Varia\u00e7\u00e3o de Custos M\u00e9dico-Hospitalares do Instituto de Estudos de Sa\u00fade Suplementar (IESS), teve alta de 17,1%, nos 12 meses encerrados em junho de 2015, crescimento superior \u00e0 infla\u00e7\u00e3o oficial do pa\u00eds, medida pelo \u00cdndice de Pre\u00e7os ao Consumidor Amplo (IPCA).<\/p>\n<p>O \u00faltimo aumento do setor autorizado pela Ag\u00eancia Nacional de Sa\u00fade Suplementar (ANS) foi de 13,55%, em junho de 2015, enquanto o \u00edndice que mede a alta do custo de vida estava em 8,17%. O problema \u00e9 que a infla\u00e7\u00e3o encerrou o ano passado em 10,67%.<\/p>\n<p>A varia\u00e7\u00e3o de custos m\u00e9dicos \u00e9 um dos principais fatores que comp\u00f5em a base de c\u00e1lculos para pedidos de reajuste de planos individuais \u00e0 ANS.<\/p>\n<p>O IESS afirma que o principal componente da alta do custo m\u00e9dico \u00e9 o gasto com interna\u00e7\u00f5es, que responde por 59% das despesas m\u00e9dico-hospitalares. O montante reservado a consultas corresponde a 11% do total. Os custos de exames e terapias, a 15% e 6%, respectivamente.<\/p>\n<p>A Abramge, associa\u00e7\u00e3o que representa os planos, afirma que, nos \u00faltimos anos, os reajustes das operadoras est\u00e3o abaixo da infla\u00e7\u00e3o m\u00e9dica, que representa o impacto das despesas agregadas dos procedimentos, das interna\u00e7\u00f5es e dos exames.<\/p>\n<p><b>Seguradoras s\u00e3o condenadas a indenizar por negar plano de sa\u00fade a idoso <\/b><\/p>\n<p>\u00c2mbito Jur\u00eddico<br \/>\n14\/01\/2016<\/p>\n<p>A SulAm\u00e9rica Seguros e Sa\u00fade S\/A e a Qualicorp S\/A foram condenadas a pagar, solidariamente, R$ 10 mil de indeniza\u00e7\u00e3o por danos morais a idoso que teve seu pedido de plano de sa\u00fade negado por conta da idade. Al\u00e9m de indenizarem o senhor, as empresas ter\u00e3o que aceit\u00e1-lo como segurado.<\/p>\n<p>O autor relatou que em agosto de 2013, ent\u00e3o com 73 anos de idade, firmou com as r\u00e9s contrato de plano de sa\u00fade, pelo qual pagaria o valor mensal de R$ 1.052,20. Apesar de ter se submetido \u00e0 per\u00edcia m\u00e9dica, n\u00e3o se constatando nenhuma doen\u00e7a pr\u00e9-existente, a contrata\u00e7\u00e3o definitiva lhe foi negada sem qualquer justificativa.<\/p>\n<p>Na Justi\u00e7a, pediu a condena\u00e7\u00e3o das empresas no dever de indeniz\u00e1-lo, bem como de efetivarem a contrata\u00e7\u00e3o do plano. Defendeu a ocorr\u00eancia de abuso e afronta aos preceitos do C\u00f3digo de Defesa do Consumidor \u2013 CDC e do Estatuto do Idoso.<\/p>\n<p>As seguradoras negaram ter praticado ato il\u00edcito e afirmaram ter agido em observ\u00e2ncia \u00e0 Lei 9.656\/98. A Qualicorp sustentou que n\u00e3o recebeu a proposta de ades\u00e3o. A SulAm\u00e9rica, por seu turno, alegou que a Qualicorp \u00e9 respons\u00e1vel pelas quest\u00f5es administrativas. Ambas defenderam n\u00e3o haver obriga\u00e7\u00e3o em admitir o interessado em contratar seus servi\u00e7os, uma vez que o v\u00ednculo se estabelecer\u00e1 somente ap\u00f3s averigua\u00e7\u00e3o dos documentos e da per\u00edcia m\u00e9dica.<\/p>\n<p>Na senten\u00e7a, o juiz julgou procedentes os pedidos do idoso. \u201cAo analisar os autos constato que as r\u00e9s Qualicorp e SulAm\u00e9rica n\u00e3o demonstraram qualquer motiva\u00e7\u00e3o para recusar a contrata\u00e7\u00e3o pleiteada pelo autor por interm\u00e9dio da proposta n\u00ba 4595887. Al\u00e9m disso, as r\u00e9s n\u00e3o informaram ao autor a recusa motivada da contrata\u00e7\u00e3o no prazo previsto pelo art. 2\u00ba da Circular SUSEP n\u00ba 251\/2004, o que significa aceita\u00e7\u00e3o t\u00e1cita da proposta anteriormente enviada. Desta maneira, ante a aus\u00eancia de demonstra\u00e7\u00e3o pelas r\u00e9s de justo motivo para recusar a contrata\u00e7\u00e3o buscada pela parte autora, tenho como manifestamente il\u00edcita a postura adotada pelas demandadas\u201d, afirmou.<\/p>\n<p>Ainda de acordo com o magistrado, \u201ca preocupa\u00e7\u00e3o em garantir a prote\u00e7\u00e3o \u00e0 pessoa idosa est\u00e1 expressa no art. 230 da Constitui\u00e7\u00e3o Federal, que confere ao Estado o dever de \u201camparar as pessoas idosas, assegurando sua participa\u00e7\u00e3o na comunidade, defendendo sua dignidade e bem-estar e garantindo-lhes o direito \u00e0 vida\u201d. O termo\u00a0 \u201cdignidade e bem-estar\u201d dos idosos foi regulamentado na Lei 10.741\/03, tamb\u00e9m conhecida como Estatuto do Idoso, a qual, em seu artigo 4\u00ba, proibiu categoricamente a efetiva\u00e7\u00e3o de qualquer pr\u00e1tica discriminat\u00f3ria contra a pessoa idosa. O mesmo diploma prev\u00ea, em seu cap\u00edtulo dedicado ao direito \u00e0 sa\u00fade, que \u00e9 proibido discriminar os idosos nos planos de sa\u00fade, mesmo com a cobran\u00e7a de valores superiores, em raz\u00e3o da idade. Assim, o idoso, como consumidor, n\u00e3o pode ser impedido de participar de planos privados de assist\u00eancia \u00e0 sa\u00fade em raz\u00e3o da idade avan\u00e7ada, e tal proibi\u00e7\u00e3o \u00e9 estabelecida tamb\u00e9m pela lei 9.656\/98, que disp\u00f5e sobre os planos e seguros privados de assist\u00eancia \u00e0 sa\u00fade\u201d, concluiu na senten\u00e7a.<\/p>\n<p>Ainda cabe recurso da decis\u00e3o de 1\u00aa Inst\u00e2ncia.<\/p>\n<p>Processo: 2013.07.1.028026-4<\/p>\n","protected":false},"excerpt":{"rendered":"<p>G1 15\/01\/2015 A Ag\u00eancia Nacional de Sa\u00fade Suplementar (ANS) criou novas regras para melhorar o atendimento prestado pelas operadoras de planos de sa\u00fade nos pedidos de procedimentos e servi\u00e7os de&hellip;<\/p>\n","protected":false},"author":1,"featured_media":0,"comment_status":"open","ping_status":"open","sticky":false,"template":"","format":"standard","meta":{"_editorskit_title_hidden":false,"_editorskit_reading_time":0,"_editorskit_is_block_options_detached":false,"_editorskit_block_options_position":"{}","footnotes":""},"categories":[3],"tags":[],"aioseo_notices":[],"_links":{"self":[{"href":"https:\/\/adcap.org.br\/index.php\/wp-json\/wp\/v2\/posts\/5917"}],"collection":[{"href":"https:\/\/adcap.org.br\/index.php\/wp-json\/wp\/v2\/posts"}],"about":[{"href":"https:\/\/adcap.org.br\/index.php\/wp-json\/wp\/v2\/types\/post"}],"author":[{"embeddable":true,"href":"https:\/\/adcap.org.br\/index.php\/wp-json\/wp\/v2\/users\/1"}],"replies":[{"embeddable":true,"href":"https:\/\/adcap.org.br\/index.php\/wp-json\/wp\/v2\/comments?post=5917"}],"version-history":[{"count":0,"href":"https:\/\/adcap.org.br\/index.php\/wp-json\/wp\/v2\/posts\/5917\/revisions"}],"wp:attachment":[{"href":"https:\/\/adcap.org.br\/index.php\/wp-json\/wp\/v2\/media?parent=5917"}],"wp:term":[{"taxonomy":"category","embeddable":true,"href":"https:\/\/adcap.org.br\/index.php\/wp-json\/wp\/v2\/categories?post=5917"},{"taxonomy":"post_tag","embeddable":true,"href":"https:\/\/adcap.org.br\/index.php\/wp-json\/wp\/v2\/tags?post=5917"}],"curies":[{"name":"wp","href":"https:\/\/api.w.org\/{rel}","templated":true}]}}