{"id":5767,"date":"2015-11-24T16:57:37","date_gmt":"2015-11-24T16:57:37","guid":{"rendered":"http:\/\/www.adcap.org.br\/?p=5767"},"modified":"2015-11-24T16:57:37","modified_gmt":"2015-11-24T16:57:37","slug":"cpi-dos-fundos-de-pensao-nesta-terca-2411-audiencia-com-o-chefe-da-auditoria-dos-correios","status":"publish","type":"post","link":"https:\/\/adcap.org.br\/index.php\/cpi-dos-fundos-de-pensao-nesta-terca-2411-audiencia-com-o-chefe-da-auditoria-dos-correios\/","title":{"rendered":"CPI dos Fundos de Pens\u00e3o &#8211; Nesta ter\u00e7a (24\/11), audi\u00eancia com o  Chefe da Auditoria dos Correios"},"content":{"rendered":"<p>Nesta ter\u00e7a-feira (24\/11), \u00e0s 14h:30 , ser\u00e1 ouvido em sess\u00e3o da CPI dos Fundos de Pens\u00e3o o\u00a0<strong>Chefe da AUDIT<\/strong>,\u00a0<strong>Evil\u00e1sio Silva Ribeiro<\/strong>. Evil\u00e1sio j\u00e1 constava nos requerimentos apresentados anteriormente, em decorr\u00eancia da fun\u00e7\u00e3o que exerce, e ter\u00e1 oportunidade de esclarecer \u00e0 comiss\u00e3o quest\u00f5es relacionadas \u00e0s auditorias realizadas no POSTALIS.<\/p>\n<p>Na semana passada, uma mat\u00e9ria divulgada no blog de\u00a0<strong>Fernando Rodrigues<\/strong>\u00a0(<a href=\"https:\/\/emailmarketing.locaweb.com.br\/accounts\/39849\/messages\/348\/clicks\/2343\/391\" target=\"_blank\">link<\/a>) trouxe informa\u00e7\u00f5es sobre a \u00faltima auditoria realizada no POSTALIS, com destaque para o expressivo valor de taxas pagas ao\u00a0<strong>BNY Mellon<\/strong>.<\/p>\n<p>Convidamos os\u00a0<b>participantes\u00a0<\/b>e\u00a0<b>assistidos\u00a0<\/b>do\u00a0<b>POSTALIS\u00a0<\/b>a comparecerem \u00e0 sess\u00e3o da CPI, para que se consiga &#8220;abrir a caixa preta do POSTALIS&#8221;.<\/p>\n<p>Participe!<\/p>\n<p>A sess\u00e3o ocorrer\u00e1 a partir das\u00a0<b>14h:30<\/b>\u00a0no\u00a0<b>Plen\u00e1rio 04<\/b>\u00a0do\u00a0<b>Anexo II<\/b>\u00a0da\u00a0<b>C\u00e2mara dos Deputados.<\/b><\/p>\n","protected":false},"excerpt":{"rendered":"<p>Nesta ter\u00e7a-feira (24\/11), \u00e0s 14h:30 , ser\u00e1 ouvido em sess\u00e3o da CPI dos Fundos de Pens\u00e3o o\u00a0Chefe da AUDIT,\u00a0Evil\u00e1sio Silva Ribeiro. Evil\u00e1sio j\u00e1 constava nos requerimentos apresentados anteriormente, em decorr\u00eancia&hellip;<\/p>\n","protected":false},"author":1,"featured_media":0,"comment_status":"open","ping_status":"open","sticky":false,"template":"","format":"standard","meta":{"_editorskit_title_hidden":false,"_editorskit_reading_time":0,"_editorskit_is_block_options_detached":false,"_editorskit_block_options_position":"{}","footnotes":""},"categories":[5],"tags":[],"aioseo_notices":[],"_links":{"self":[{"href":"https:\/\/adcap.org.br\/index.php\/wp-json\/wp\/v2\/posts\/5767"}],"collection":[{"href":"https:\/\/adcap.org.br\/index.php\/wp-json\/wp\/v2\/posts"}],"about":[{"href":"https:\/\/adcap.org.br\/index.php\/wp-json\/wp\/v2\/types\/post"}],"author":[{"embeddable":true,"href":"https:\/\/adcap.org.br\/index.php\/wp-json\/wp\/v2\/users\/1"}],"replies":[{"embeddable":true,"href":"https:\/\/adcap.org.br\/index.php\/wp-json\/wp\/v2\/comments?post=5767"}],"version-history":[{"count":0,"href":"https:\/\/adcap.org.br\/index.php\/wp-json\/wp\/v2\/posts\/5767\/revisions"}],"wp:attachment":[{"href":"https:\/\/adcap.org.br\/index.php\/wp-json\/wp\/v2\/media?parent=5767"}],"wp:term":[{"taxonomy":"category","embeddable":true,"href":"https:\/\/adcap.org.br\/index.php\/wp-json\/wp\/v2\/categories?post=5767"},{"taxonomy":"post_tag","embeddable":true,"href":"https:\/\/adcap.org.br\/index.php\/wp-json\/wp\/v2\/tags?post=5767"}],"curies":[{"name":"wp","href":"https:\/\/api.w.org\/{rel}","templated":true}]}}