{"id":5592,"date":"2015-10-26T21:01:43","date_gmt":"2015-10-26T21:01:43","guid":{"rendered":"http:\/\/www.adcap.org.br\/?p=5592"},"modified":"2015-10-26T21:01:43","modified_gmt":"2015-10-26T21:01:43","slug":"cpi-dos-fundos-de-pensao-depoimento-de-youssef","status":"publish","type":"post","link":"https:\/\/adcap.org.br\/index.php\/cpi-dos-fundos-de-pensao-depoimento-de-youssef\/","title":{"rendered":"CPI dos Fundos de Pens\u00e3o Depoimento de Youssef"},"content":{"rendered":"<p>Amanh\u00e3, ter\u00e7a-feira (<strong>27\/10<\/strong>), \u00e0s 14h30, no\u00a0<strong>Anexo II\u00a0<\/strong>da\u00a0<strong>C\u00e2mara dos Deputados<\/strong>, ser\u00e1 ouvido\u00a0<strong>Alberto Youssef<\/strong>\u00a0na\u00a0<strong>CPI dos Fundos de Pens\u00e3o<\/strong>. A imprensa noticiou uma tentativa do doleiro de obter, via influ\u00eancia pol\u00edtica, investimentos do\u00a0<strong>POSTALIS<\/strong>em sua empresa\u00a0<strong>Marsans<\/strong>. E essa tentativa foi tamb\u00e9m citada no depoimento da contadora de Youssef,\u00a0<strong>Meire Pozza<\/strong>.<\/p>\n<p>A sess\u00e3o desta ter\u00e7a-feira ser\u00e1 bastante concorrida e ter\u00e1 grande import\u00e2ncia para os trabalhos da CPI, raz\u00e3o pela qual esperamos contar na C\u00e2mara com um expressivo n\u00famero de participantes e assistidos do POSTALIS. A\u00a0<strong>ADCAP<\/strong>\u00a0estar\u00e1 presente e conclama a participa\u00e7\u00e3o de todos.<\/p>\n<p>Vista sua\u00a0<strong>camiseta amarela<\/strong>\u00a0e v\u00e1 tamb\u00e9m manifestar sua indigna\u00e7\u00e3o e seu apoio \u00e0 CPI.\u00a0Neste momento precisamos pressionar e apoiar os trabalhos. A presen\u00e7a de participantes e assistidos ocupando os espa\u00e7os do plen\u00e1rio \u00e9 de fundamental import\u00e2ncia.<\/p>\n<p>A\u00a0<strong>ADCAP Bras\u00edlia<\/strong>\u00a0tamb\u00e9m adotar\u00e1 medidas para facilitar a participa\u00e7\u00e3o dos associados, as quais ser\u00e3o informadas diretamente por aquele n\u00facleo.<\/p>\n<p><strong>Participe!<\/strong><\/p>\n<p>&nbsp;<\/p>\n<p align=\"center\"><strong>Vamos abrir a caixa preta do POSTALIS !<\/strong><\/p>\n","protected":false},"excerpt":{"rendered":"<p>Amanh\u00e3, ter\u00e7a-feira (27\/10), \u00e0s 14h30, no\u00a0Anexo II\u00a0da\u00a0C\u00e2mara dos Deputados, ser\u00e1 ouvido\u00a0Alberto Youssef\u00a0na\u00a0CPI dos Fundos de Pens\u00e3o. A imprensa noticiou uma tentativa do doleiro de obter, via influ\u00eancia pol\u00edtica, investimentos do\u00a0POSTALISem&hellip;<\/p>\n","protected":false},"author":1,"featured_media":5593,"comment_status":"open","ping_status":"open","sticky":false,"template":"","format":"standard","meta":{"_editorskit_title_hidden":false,"_editorskit_reading_time":0,"_editorskit_is_block_options_detached":false,"_editorskit_block_options_position":"{}","footnotes":""},"categories":[5],"tags":[],"aioseo_notices":[],"_links":{"self":[{"href":"https:\/\/adcap.org.br\/index.php\/wp-json\/wp\/v2\/posts\/5592"}],"collection":[{"href":"https:\/\/adcap.org.br\/index.php\/wp-json\/wp\/v2\/posts"}],"about":[{"href":"https:\/\/adcap.org.br\/index.php\/wp-json\/wp\/v2\/types\/post"}],"author":[{"embeddable":true,"href":"https:\/\/adcap.org.br\/index.php\/wp-json\/wp\/v2\/users\/1"}],"replies":[{"embeddable":true,"href":"https:\/\/adcap.org.br\/index.php\/wp-json\/wp\/v2\/comments?post=5592"}],"version-history":[{"count":0,"href":"https:\/\/adcap.org.br\/index.php\/wp-json\/wp\/v2\/posts\/5592\/revisions"}],"wp:featuredmedia":[{"embeddable":true,"href":"https:\/\/adcap.org.br\/index.php\/wp-json\/wp\/v2\/media\/5593"}],"wp:attachment":[{"href":"https:\/\/adcap.org.br\/index.php\/wp-json\/wp\/v2\/media?parent=5592"}],"wp:term":[{"taxonomy":"category","embeddable":true,"href":"https:\/\/adcap.org.br\/index.php\/wp-json\/wp\/v2\/categories?post=5592"},{"taxonomy":"post_tag","embeddable":true,"href":"https:\/\/adcap.org.br\/index.php\/wp-json\/wp\/v2\/tags?post=5592"}],"curies":[{"name":"wp","href":"https:\/\/api.w.org\/{rel}","templated":true}]}}