{"id":5441,"date":"2015-10-05T18:49:07","date_gmt":"2015-10-05T18:49:07","guid":{"rendered":"http:\/\/www.adcap.org.br\/v2\/index.php\/bny-mellon-na-cpi-dos-fundos-de-pensao\/"},"modified":"2015-10-05T19:09:28","modified_gmt":"2015-10-05T19:09:28","slug":"bny-mellon-na-cpi-dos-fundos-de-pensao","status":"publish","type":"post","link":"https:\/\/adcap.org.br\/index.php\/bny-mellon-na-cpi-dos-fundos-de-pensao\/","title":{"rendered":"BNY Mellon na CPI dos Fundos de Pens\u00e3o"},"content":{"rendered":"<p style=\"text-align: justify;\" align=\"center\"><span style=\"font-size: small;\">Na pr\u00f3xima ter\u00e7a-feira (<\/span><strong style=\"font-size: small;\">29\/09<\/strong><span style=\"font-size: small;\">), a partir das <\/span><strong style=\"font-size: small;\">14h30min<\/strong><span style=\"font-size: small;\">, ser\u00e1 ouvido na <\/span><strong style=\"font-size: small;\">CPI dos Fundos de Pens\u00e3o<\/strong><span style=\"font-size: small;\"> o Presidente do <\/span><strong style=\"font-size: small;\">BNY Mellon<\/strong><span style=\"font-size: small;\">.<\/span><\/p>\n<p style=\"text-align: justify;\"><span style=\"font-size: small;\">\u00a0<\/span><\/p>\n<p style=\"text-align: justify;\"><span style=\"font-size: small;\">O banco BNY Mellon administrou durante muitos anos a maior parte das aplica\u00e7\u00f5es do POSTALIS, incluindo o fundo que trocou t\u00edtulos da d\u00edvida p\u00fablica brasileira por outros, considerados &#8220;podres&#8221;, da Venezuela, Argentina, al\u00e9m de a\u00e7\u00f5es da PDVSA, dando ao instituto um preju\u00edzo, nessa opera\u00e7\u00e3o, de mais de R$ 200 milh\u00f5es. Outras aplica\u00e7\u00f5es em discuss\u00e3o podem elevar o valor a ser restitu\u00eddo ao POSTALIS a mais de um ou de dois bilh\u00f5es, o que \u00e9 muito expressivo no d\u00e9ficit a ser equacionado.\u00a0<\/span><\/p>\n<p style=\"text-align: justify;\"><span style=\"font-size: small;\">\u00a0<\/span><\/p>\n<p style=\"text-align: justify;\"><span style=\"font-size: small;\">A participa\u00e7\u00e3o de benefici\u00e1rios e assistidos na audi\u00eancia \u00e9, portanto, indispens\u00e1vel, para demonstrar a import\u00e2ncia de serem apuradas profundamente as rela\u00e7\u00f5es do BNY Mellon com os dirigentes do POSTALIS, raz\u00e3o pela qual convidamos a todos os que possam ir para estarem na C\u00e2mara nesse dia, lotando o plen\u00e1rio.<\/span><\/p>\n<p style=\"text-align: justify;\"><span style=\"font-size: small;\">\u00a0<\/span><\/p>\n<p style=\"text-align: justify;\"><span style=\"font-size: small;\">A sess\u00e3o dever\u00e1 ocorrer em plen\u00e1rio a ser definido, no <strong>Anexo II<\/strong> da <strong>C\u00e2mara<\/strong>.<\/span><\/p>\n<p style=\"text-align: justify;\"><span style=\"font-size: small;\">\u00a0<\/span><\/p>\n<p style=\"text-align: justify;\"><span style=\"font-size: small;\"><strong>Participe pessoalmente!<\/strong><\/span><\/p>\n<p style=\"text-align: justify;\"><span style=\"font-size: small;\"><strong>Mostre que se preocupa!<\/strong><\/span><\/p>\n<p style=\"text-align: justify;\"><span style=\"font-size: small;\"><strong>Fa\u00e7a valer seus direitos!<\/strong><\/span><\/p>\n<p style=\"text-align: justify;\"><span style=\"font-size: small;\"><strong>Queremos nosso dinheiro de volta, doa a quem doer!<\/strong><\/span><\/p>\n<p style=\"text-align: justify;\"><span style=\"font-size: small;\">\u00a0<\/span><\/p>\n<p style=\"text-align: justify;\"><span style=\"font-size: small;\"><strong>Dire\u00e7\u00e3o Nacional da ADCAP.<\/strong><\/span><\/p>\n","protected":false},"excerpt":{"rendered":"<p>Na pr\u00f3xima ter\u00e7a-feira (29\/09), a partir das 14h30min, ser\u00e1 ouvido na CPI dos Fundos de Pens\u00e3o o Presidente do BNY Mellon. \u00a0 O banco BNY Mellon administrou durante muitos anos&hellip;<\/p>\n","protected":false},"author":1,"featured_media":5455,"comment_status":"open","ping_status":"open","sticky":false,"template":"","format":"standard","meta":{"_editorskit_title_hidden":false,"_editorskit_reading_time":0,"_editorskit_is_block_options_detached":false,"_editorskit_block_options_position":"{}","footnotes":""},"categories":[5],"tags":[],"aioseo_notices":[],"_links":{"self":[{"href":"https:\/\/adcap.org.br\/index.php\/wp-json\/wp\/v2\/posts\/5441"}],"collection":[{"href":"https:\/\/adcap.org.br\/index.php\/wp-json\/wp\/v2\/posts"}],"about":[{"href":"https:\/\/adcap.org.br\/index.php\/wp-json\/wp\/v2\/types\/post"}],"author":[{"embeddable":true,"href":"https:\/\/adcap.org.br\/index.php\/wp-json\/wp\/v2\/users\/1"}],"replies":[{"embeddable":true,"href":"https:\/\/adcap.org.br\/index.php\/wp-json\/wp\/v2\/comments?post=5441"}],"version-history":[{"count":0,"href":"https:\/\/adcap.org.br\/index.php\/wp-json\/wp\/v2\/posts\/5441\/revisions"}],"wp:featuredmedia":[{"embeddable":true,"href":"https:\/\/adcap.org.br\/index.php\/wp-json\/wp\/v2\/media\/5455"}],"wp:attachment":[{"href":"https:\/\/adcap.org.br\/index.php\/wp-json\/wp\/v2\/media?parent=5441"}],"wp:term":[{"taxonomy":"category","embeddable":true,"href":"https:\/\/adcap.org.br\/index.php\/wp-json\/wp\/v2\/categories?post=5441"},{"taxonomy":"post_tag","embeddable":true,"href":"https:\/\/adcap.org.br\/index.php\/wp-json\/wp\/v2\/tags?post=5441"}],"curies":[{"name":"wp","href":"https:\/\/api.w.org\/{rel}","templated":true}]}}