{"id":5257,"date":"2015-08-10T02:06:07","date_gmt":"2015-08-10T02:06:07","guid":{"rendered":"http:\/\/www.adcap.org.br\/v2\/index.php\/democratizacao-dos-fundos-de-pensao\/"},"modified":"2015-08-10T02:06:07","modified_gmt":"2015-08-10T02:06:07","slug":"democratizacao-dos-fundos-de-pensao","status":"publish","type":"post","link":"https:\/\/adcap.org.br\/index.php\/democratizacao-dos-fundos-de-pensao\/","title":{"rendered":"Democratiza\u00e7\u00e3o dos Fundos de Pens\u00e3o"},"content":{"rendered":"<p style=\"text-align: center;\" align=\"center\"><span style=\"font-size: x-large;\"><strong>Projetos na C&acirc;mara e no Senado prop&otilde;em<\/strong><\/span><\/p>\n<p style=\"text-align: center;\" align=\"center\"><span style=\"font-size: x-large;\"><strong>ajustes na legisla&ccedil;&atilde;o alusiva a<\/strong><\/span><\/p>\n<p style=\"text-align: center;\" align=\"center\"><span style=\"font-size: x-large;\"><strong>fundos de pens&atilde;o<\/strong><\/span><\/p>\n<p style=\"text-align: justify;\"><span style=\"font-size: small;\">&nbsp;<\/span><\/p>\n<p style=\"text-align: justify;\"><span style=\"font-size: small;\">Dois projetos que tramitam no Congresso versam sobre altera&ccedil;&otilde;es na legisla&ccedil;&atilde;o alusiva aos fundos de pens&atilde;o.<\/span><\/p>\n<p style=\"text-align: justify;\">&nbsp;<\/p>\n<p style=\"text-align: justify;\"><span style=\"font-size: small;\">Uma das propostas, da Senadora Ana Am&eacute;lia, o PLS-379\/2014-Complementar, &eacute; mais compacta e acrescenta a possibilidade de o TCU fiscalizar as entidades.<\/span><\/p>\n<p style=\"text-align: justify;\">&nbsp;<\/p>\n<p style=\"text-align: justify;\"><span style=\"font-size: small;\">A outra proposta, da Deputada Maria do Ros&aacute;rio e do Deputado Chico D&acute;Angelo, &nbsp;traz um conjunto maior de proposi&ccedil;&otilde;es, algumas de origem patronal, as quais demandam uma an&aacute;lise mais detalhada.<\/span><\/p>\n<p style=\"text-align: justify;\">&nbsp;<\/p>\n<p style=\"text-align: justify;\"><span style=\"font-size: small;\">Ambas as proposi&ccedil;&otilde;es, por&eacute;m, tratam de quest&otilde;es importantes para os participantes e assistidos, como a efetiva paridade nos conselhos e a altern&acirc;ncia da presid&ecirc;ncia desses.<\/span><\/p>\n<p style=\"text-align: justify;\">&nbsp;<\/p>\n<p style=\"text-align: justify;\"><span style=\"font-size: small;\">A ADCAP e APECT estudar&atilde;o as propostas em curso e verificar&atilde;o como&nbsp;poder&atilde;o contribuir para os necess&aacute;rios avan&ccedil;os na legisla&ccedil;&atilde;o, em benef&iacute;cio da boa governan&ccedil;a dos fundos de pens&atilde;o, de sua adequada fiscaliza&ccedil;&atilde;o e da justa participa&ccedil;&atilde;o dos participantes e assistidos em sua gest&atilde;o.<\/span><\/p>\n<p style=\"text-align: justify;\"><span style=\"font-size: small;\">&nbsp;<\/span><\/p>\n<p style=\"text-align: justify;\"><span style=\"font-size: small;\"><strong>Os links para os projetos s&atilde;o:<\/strong><\/span><br \/><span style=\"font-size: small;\"> &nbsp;<\/span><\/p>\n<p style=\"text-align: justify;\"><span style=\"font-size: small;\"><a href=\"https:\/\/emailmarketing.locaweb.com.br\/accounts\/39849\/messages\/187\/clicks\/%5bid%5d\/210\" target=\"_blank\">Ana Am&eacute;lia<\/a><\/span><\/p>\n<p style=\"text-align: justify;\">&nbsp;<\/p>\n<p style=\"text-align: justify;\"><span style=\"font-size: small;\"><a href=\"https:\/\/emailmarketing.locaweb.com.br\/accounts\/39849\/messages\/187\/clicks\/%5bid%5d\/211\" target=\"_blank\">Maria do Ros&aacute;rio e Chico D&acute;Angelo<\/a><\/span><\/p>\n<p style=\"text-align: justify;\"><span style=\"font-size: small;\">&nbsp;<\/span><\/p>\n<p style=\"text-align: justify;\"><span style=\"font-size: small;\">Boa Leitura!<\/span><\/p>\n<p style=\"text-align: justify;\"><span style=\"font-size: small;\">&nbsp;<\/span><\/p>\n<p style=\"text-align: right;\"><span style=\"font-size: small;\"><strong>Dire&ccedil;&atilde;o Nacional da ADCAP.<\/strong><\/span><\/p>\n<p>&nbsp;<\/p>\n","protected":false},"excerpt":{"rendered":"<p>Projetos na C&acirc;mara e no Senado prop&otilde;em ajustes na legisla&ccedil;&atilde;o alusiva a fundos de pens&atilde;o &nbsp; Dois projetos que tramitam no Congresso versam sobre altera&ccedil;&otilde;es na legisla&ccedil;&atilde;o alusiva aos fundos&hellip;<\/p>\n","protected":false},"author":1,"featured_media":0,"comment_status":"open","ping_status":"open","sticky":false,"template":"","format":"standard","meta":{"_editorskit_title_hidden":false,"_editorskit_reading_time":0,"_editorskit_is_block_options_detached":false,"_editorskit_block_options_position":"{}","footnotes":""},"categories":[5],"tags":[],"aioseo_notices":[],"_links":{"self":[{"href":"https:\/\/adcap.org.br\/index.php\/wp-json\/wp\/v2\/posts\/5257"}],"collection":[{"href":"https:\/\/adcap.org.br\/index.php\/wp-json\/wp\/v2\/posts"}],"about":[{"href":"https:\/\/adcap.org.br\/index.php\/wp-json\/wp\/v2\/types\/post"}],"author":[{"embeddable":true,"href":"https:\/\/adcap.org.br\/index.php\/wp-json\/wp\/v2\/users\/1"}],"replies":[{"embeddable":true,"href":"https:\/\/adcap.org.br\/index.php\/wp-json\/wp\/v2\/comments?post=5257"}],"version-history":[{"count":0,"href":"https:\/\/adcap.org.br\/index.php\/wp-json\/wp\/v2\/posts\/5257\/revisions"}],"wp:attachment":[{"href":"https:\/\/adcap.org.br\/index.php\/wp-json\/wp\/v2\/media?parent=5257"}],"wp:term":[{"taxonomy":"category","embeddable":true,"href":"https:\/\/adcap.org.br\/index.php\/wp-json\/wp\/v2\/categories?post=5257"},{"taxonomy":"post_tag","embeddable":true,"href":"https:\/\/adcap.org.br\/index.php\/wp-json\/wp\/v2\/tags?post=5257"}],"curies":[{"name":"wp","href":"https:\/\/api.w.org\/{rel}","templated":true}]}}