{"id":5193,"date":"2015-08-10T02:05:43","date_gmt":"2015-08-10T02:05:43","guid":{"rendered":"http:\/\/www.adcap.org.br\/v2\/index.php\/dia-do-aposentado\/"},"modified":"2024-01-19T15:12:39","modified_gmt":"2024-01-19T15:12:39","slug":"dia-do-aposentado","status":"publish","type":"post","link":"https:\/\/adcap.org.br\/index.php\/dia-do-aposentado\/","title":{"rendered":"Dia do Aposentado"},"content":{"rendered":"<p style=\"text-align: center;\" align=\"center\"><strong><span style=\"font-size: small;\">\u00a0<\/span><span style=\"font-size: small;\">Amanh\u00e3 dia 24 \u00e9 comemorado o &#8220;Dia do Aposentado&#8221;.<\/span><span style=\"font-size: small;\">\u00a0<\/span><\/strong><\/p>\n<p style=\"text-align: justify;\"><span style=\"font-size: small;\">A ADCAP cumprimenta todos os aposentados dos Correios, que contribu\u00edram com seu trabalho para a constru\u00e7\u00e3o de um servi\u00e7o postal efetivo e \u00fatil \u00e0 sociedade brasileira, e deseja-lhes sa\u00fade, alegrias e boas realiza\u00e7\u00f5es nessa nova etapa de vida.<\/span><span style=\"font-size: small;\">\u00a0<\/span><\/p>\n<p style=\"text-align: justify;\"><span style=\"font-size: small;\">A ADCAP tamb\u00e9m reafirma sua disposi\u00e7\u00e3o de lutar pela preserva\u00e7\u00e3o dos benef\u00edcios a que os aposentados dos Correios t\u00eam direito, especialmente os relacionados a previd\u00eancia privada (Postalis) e assist\u00eancia m\u00e9dico-hospitalar e odontol\u00f3gica (Postal Sa\u00fade), reafirmando que a nossa posi\u00e7\u00e3o \u00e9 de que os desequil\u00edbrios financeiros nestas institui\u00e7\u00f5es, que geram inseguran\u00e7a aos milhares de aposentados e seus familiares \u00e9 fruto de gest\u00f5es equivocadas e de total responsabilidade da empresa patrocinadora.<\/span><span style=\"font-size: small;\">\u00a0<\/span><\/p>\n<p style=\"text-align: justify;\"><span style=\"font-size: small;\">Parab\u00e9ns a todos os aposentados dos Correios!<\/span><span style=\"font-size: small;\">\u00a0<\/span><\/p>\n<p style=\"text-align: justify;\"><span style=\"font-size: small;\">\u00a0<\/span><\/p>\n<p style=\"text-align: justify;\"><span style=\"font-size: small;\">Diretoria Executiva da ADCAP Nacional.<\/span><\/p>\n<p>&nbsp;<\/p>\n","protected":false},"excerpt":{"rendered":"<p>\u00a0Amanh\u00e3 dia 24 \u00e9 comemorado o &#8220;Dia do Aposentado&#8221;.\u00a0 A ADCAP cumprimenta todos os aposentados dos Correios, que contribu\u00edram com seu trabalho para a constru\u00e7\u00e3o de um servi\u00e7o postal efetivo&hellip;<\/p>\n","protected":false},"author":1,"featured_media":0,"comment_status":"closed","ping_status":"closed","sticky":false,"template":"","format":"standard","meta":{"_editorskit_title_hidden":false,"_editorskit_reading_time":0,"_editorskit_is_block_options_detached":false,"_editorskit_block_options_position":"{}","footnotes":""},"categories":[5],"tags":[],"aioseo_notices":[],"_links":{"self":[{"href":"https:\/\/adcap.org.br\/index.php\/wp-json\/wp\/v2\/posts\/5193"}],"collection":[{"href":"https:\/\/adcap.org.br\/index.php\/wp-json\/wp\/v2\/posts"}],"about":[{"href":"https:\/\/adcap.org.br\/index.php\/wp-json\/wp\/v2\/types\/post"}],"author":[{"embeddable":true,"href":"https:\/\/adcap.org.br\/index.php\/wp-json\/wp\/v2\/users\/1"}],"replies":[{"embeddable":true,"href":"https:\/\/adcap.org.br\/index.php\/wp-json\/wp\/v2\/comments?post=5193"}],"version-history":[{"count":0,"href":"https:\/\/adcap.org.br\/index.php\/wp-json\/wp\/v2\/posts\/5193\/revisions"}],"wp:attachment":[{"href":"https:\/\/adcap.org.br\/index.php\/wp-json\/wp\/v2\/media?parent=5193"}],"wp:term":[{"taxonomy":"category","embeddable":true,"href":"https:\/\/adcap.org.br\/index.php\/wp-json\/wp\/v2\/categories?post=5193"},{"taxonomy":"post_tag","embeddable":true,"href":"https:\/\/adcap.org.br\/index.php\/wp-json\/wp\/v2\/tags?post=5193"}],"curies":[{"name":"wp","href":"https:\/\/api.w.org\/{rel}","templated":true}]}}