{"id":5082,"date":"2015-08-10T02:05:04","date_gmt":"2015-08-10T02:05:04","guid":{"rendered":"http:\/\/www.adcap.org.br\/v2\/index.php\/ata-da-audiencia-acao-civil-publica-mpt-x-ect\/"},"modified":"2015-08-10T02:05:04","modified_gmt":"2015-08-10T02:05:04","slug":"ata-da-audiencia-acao-civil-publica-mpt-x-ect","status":"publish","type":"post","link":"https:\/\/adcap.org.br\/index.php\/ata-da-audiencia-acao-civil-publica-mpt-x-ect\/","title":{"rendered":"Ata da Audi\u00eancia A\u00e7\u00e3o Civil P\u00fablica MPT x ECT"},"content":{"rendered":"<p style=\"text-align: justify;\" align=\"center\"><span style=\"font-size: small;\"><strong>Correios deve assinar TAC com o Minist&eacute;rio P&uacute;blico do Trabalho, a respeito da quest&atilde;o dos cargos comissionados na Empresa<\/strong><\/span><\/p>\n<p style=\"text-align: justify;\"><span style=\"font-size: small;\">&nbsp;<\/span><\/p>\n<p style=\"text-align: justify;\"><span style=\"font-size: small;\">Transcrevemos abaixo a ata da audi&ecirc;ncia do dia 22\/11, alusiva ao processo movido pelo <strong>Minist&eacute;rio P&uacute;blico do Trabalho<\/strong> contra a <strong>ECT<\/strong>, por conta da contrata&ccedil;&atilde;o direta de profissionais no mercado para o exerc&iacute;cio de altas fun&ccedil;&otilde;es.<\/span><\/p>\n<p style=\"text-align: justify;\"><span style=\"font-size: small;\">De acordo com a ata, a Empresa e o Minist&eacute;rio P&uacute;blico do Trabalho ter&atilde;o reuni&atilde;o hoje para tratar do Termo de Ajustamento de Conduta.&nbsp;<\/span><\/p>\n<p style=\"text-align: justify;\" align=\"center\"><span style=\"font-size: small;\"><strong><br \/>ATA DE AUDI&Ecirc;NCIA<\/strong><\/span><\/p>\n<p>&nbsp;<\/p>\n<table border=\"0\" cellspacing=\"0\" cellpadding=\"0\">\n<tbody>\n<tr>\n<td valign=\"top\" width=\"131\">\n<p><span style=\"font-size: small;\"><strong>PROCESSO:<\/strong><\/span><\/p>\n<\/td>\n<td valign=\"top\" width=\"465\">\n<p><span style=\"font-size: small;\"><strong>01243-2013-002-10-00-6<\/strong><\/span><\/p>\n<\/td>\n<\/tr>\n<tr>\n<td valign=\"top\" width=\"131\">\n<p><span style=\"font-size: small;\">AUTOR:<\/span><\/p>\n<\/td>\n<td valign=\"top\" width=\"465\">\n<p><span style=\"font-size: small;\">Minist&eacute;rio &nbsp; P&uacute;blico do Trabalho<\/span><\/p>\n<\/td>\n<\/tr>\n<tr>\n<td valign=\"top\" width=\"131\">\n<p><span style=\"font-size: small;\">R&Eacute;U:<\/span><\/p>\n<\/td>\n<td valign=\"top\" width=\"465\">\n<p><span style=\"font-size: small;\">Empresa &nbsp; Brasileira de Correios e Tel&eacute;grafos<\/span><\/p>\n<\/td>\n<\/tr>\n<\/tbody>\n<\/table>\n<p>&nbsp;<\/p>\n<p style=\"text-align: justify;\"><span style=\"font-size: small;\"><em>Em 22 de novembro de 2013, na sala de sess&otilde;es da MM. 2&ordf; VARA DO TRABALHO DE BRAS&Iacute;LIA\/DF, sob a dire&ccedil;&atilde;o do Exmo(a). Juiz Ac&eacute;lio Ricardo Vales Leite, realizou-se audi&ecirc;ncia relativa ao processo identificado em ep&iacute;grafe.<\/em><\/span><\/p>\n<p style=\"text-align: justify;\"><span style=\"font-size: small;\">&nbsp;<\/span><\/p>\n<p style=\"text-align: justify;\"><span style=\"font-size: small;\">&Agrave;s 17h00min, aberta a audi&ecirc;ncia, foram, de ordem do&nbsp;<em>Exmo(a).&nbsp;<\/em>Juiz do Trabalho, apregoadas as partes.<\/span><\/p>\n<p style=\"text-align: justify;\"><span style=\"font-size: small;\">Ausente o(a) autor(a) e seu advogado.<\/span><\/p>\n<p style=\"text-align: justify;\"><span style=\"font-size: small;\">Ausente o(a) r&eacute;u(r&eacute;) e seu advogado.<\/span><\/p>\n<p style=\"text-align: justify;\"><span style=\"font-size: small;\">Tendo em vista a informa&ccedil;&atilde;o prestada pela r&eacute; em que est&aacute; em tratativas com o autor visando firmar um termo de ajustamento de conduta, envolvendo os pedidos iniciais, e, tendo em vista ainda a informa&ccedil;&atilde;o de que encontra-se agendada audi&ecirc;ncia com o&nbsp;<em>Parquet&nbsp;<\/em>em 25\/11\/2013, adio o&nbsp;<strong>JULGAMENTO<\/strong>&nbsp;do presente feito para o dia 18\/12\/2013<strong>, &agrave;s 17h14min<\/strong>.<\/span><\/p>\n<p style=\"text-align: justify;\">&nbsp;<\/p>\n<p style=\"text-align: justify;\"><span style=\"font-size: small;\">As partes ser&atilde;o intimadas da senten&ccedil;a.<\/span><\/p>\n<p style=\"text-align: justify;\"><span style=\"font-size: small;\"><strong>Publique-se.<\/strong><\/span><\/p>\n<p style=\"text-align: justify;\"><span style=\"font-size: small;\">Audi&ecirc;ncia encerrada &agrave;s 17h02min.<\/span><\/p>\n<p style=\"text-align: justify;\"><span style=\"font-size: small;\"><span style=\"font-size: small;\">Nada &nbsp; mais.<\/span><\/span><\/p>\n<p style=\"text-align: justify;\">&nbsp;<\/p>\n<table border=\"0\" cellspacing=\"0\" cellpadding=\"0\">\n<tbody>\n<tr>\n<td valign=\"top\" width=\"604\">\n<p>&nbsp;<\/p>\n<p align=\"center\"><span style=\"font-size: small;\"><strong>Ac&eacute;lio Ricardo Vales Leite<\/strong><\/span><\/p>\n<p align=\"center\"><span style=\"font-size: small;\">Juiz do Trabalho<\/span><\/p>\n<p align=\"center\"><span style=\"font-size: small;\">&nbsp;<\/span><\/p>\n<p><span style=\"font-size: small;\">&nbsp;&nbsp; &nbsp;&nbsp;&nbsp; &nbsp;&nbsp;&nbsp; &nbsp;&nbsp;&nbsp; &nbsp;&nbsp; &nbsp;&nbsp; &nbsp;&nbsp;&nbsp; &nbsp;&nbsp;&nbsp; &nbsp;&nbsp;&nbsp; &nbsp;&nbsp; &nbsp;&nbsp; &nbsp;&nbsp;&nbsp; &nbsp;&nbsp;&nbsp; &nbsp;&nbsp;&nbsp; &nbsp;&nbsp; &nbsp;&nbsp; &nbsp;&nbsp;&nbsp; &nbsp;&nbsp;&nbsp; &nbsp;&nbsp;&nbsp; &nbsp;&nbsp;<\/span><\/p>\n<table border=\"0\" cellspacing=\"0\" cellpadding=\"0\">\n<tbody>\n<tr>\n<td valign=\"top\" width=\"285\"><span style=\"font-size: small;\">&nbsp;&nbsp;&nbsp;<\/span><\/p>\n<p align=\"center\"><span style=\"font-size: small;\">&nbsp;<\/span><\/p>\n<p><span style=\"font-size: small;\">&nbsp;&nbsp;&nbsp;<\/span><\/td>\n<td valign=\"top\" width=\"18\"><span style=\"font-size: small;\">&nbsp;&nbsp;&nbsp;<\/span><\/p>\n<p><span style=\"font-size: small;\">&nbsp;<\/span><\/p>\n<p><span style=\"font-size: small;\">&nbsp;&nbsp;&nbsp;<\/span><\/td>\n<td valign=\"top\" width=\"300\"><span style=\"font-size: small;\">&nbsp;&nbsp;&nbsp;<\/span><\/p>\n<p align=\"center\"><span style=\"font-size: small;\">&nbsp;<\/span><\/p>\n<p><span style=\"font-size: small;\">&nbsp;&nbsp;&nbsp;<\/span><\/td>\n<\/tr>\n<tr>\n<td valign=\"top\" width=\"285\"><span style=\"font-size: small;\">&nbsp;&nbsp;&nbsp;<\/span><\/p>\n<p align=\"center\"><span style=\"font-size: small;\">Autor(a)<\/span><\/p>\n<p><span style=\"font-size: small;\">&nbsp;&nbsp;&nbsp;<\/span><\/td>\n<td valign=\"top\" width=\"18\"><span style=\"font-size: small;\">&nbsp;&nbsp;&nbsp;<\/span><\/p>\n<p><span style=\"font-size: small;\">&nbsp;<\/span><\/p>\n<p><span style=\"font-size: small;\">&nbsp;&nbsp;&nbsp;<\/span><\/td>\n<td valign=\"top\" width=\"300\"><span style=\"font-size: small;\">&nbsp;&nbsp;&nbsp;<\/span><\/p>\n<p align=\"center\"><span style=\"font-size: small;\">R&eacute;u(r&eacute;)<\/span><\/p>\n<p><span style=\"font-size: small;\">&nbsp;&nbsp;&nbsp;<\/span><\/td>\n<\/tr>\n<tr>\n<td valign=\"top\" width=\"285\"><span style=\"font-size: small;\">&nbsp;&nbsp;&nbsp;<\/span><\/p>\n<p align=\"center\"><span style=\"font-size: small;\">&nbsp;<\/span><\/p>\n<p><span style=\"font-size: small;\">&nbsp;&nbsp;&nbsp;<\/span><\/p>\n<p align=\"center\"><span style=\"font-size: small;\">&nbsp;<\/span><\/p>\n<p><span style=\"font-size: small;\">&nbsp;&nbsp;&nbsp;<\/span><\/td>\n<td valign=\"top\" width=\"18\"><span style=\"font-size: small;\">&nbsp;&nbsp;&nbsp;<\/span><\/p>\n<p><span style=\"font-size: small;\">&nbsp;<\/span><\/p>\n<p><span style=\"font-size: small;\">&nbsp;&nbsp;&nbsp;<\/span><\/td>\n<td valign=\"top\" width=\"300\"><span style=\"font-size: small;\">&nbsp;&nbsp;&nbsp;<\/span><\/p>\n<p align=\"center\"><span style=\"font-size: small;\">&nbsp;<\/span><\/p>\n<p><span style=\"font-size: small;\">&nbsp;&nbsp;&nbsp;<\/span><\/td>\n<\/tr>\n<tr>\n<td valign=\"top\" width=\"285\"><span style=\"font-size: small;\">&nbsp;&nbsp;&nbsp;<\/span><\/p>\n<p align=\"center\"><span style=\"font-size: small;\">Advogado(a) do Autor(a)<\/span><\/p>\n<p><span style=\"font-size: small;\">&nbsp;&nbsp;&nbsp;<\/span><\/td>\n<td valign=\"top\" width=\"18\"><span style=\"font-size: small;\">&nbsp;&nbsp;&nbsp;<\/span><\/p>\n<p><span style=\"font-size: small;\">&nbsp;<\/span><\/p>\n<p><span style=\"font-size: small;\">&nbsp;&nbsp;&nbsp;<\/span><\/td>\n<td valign=\"top\" width=\"300\"><span style=\"font-size: small;\">&nbsp;&nbsp;&nbsp;<\/span><\/p>\n<p align=\"center\"><span style=\"font-size: small;\">Advogado(a) do R&eacute;u(r&eacute;)<\/span><\/p>\n<p><span style=\"font-size: small;\">&nbsp;&nbsp;&nbsp;<\/span><\/td>\n<\/tr>\n<\/tbody>\n<\/table>\n<p><span style=\"font-size: small;\">&nbsp;<\/span><\/p>\n<p align=\"center\"><span style=\"font-size: small;\"><strong>Lad&aacute;rio Teixeira Neto<\/strong><\/span><\/p>\n<p align=\"center\"><span style=\"font-size: small;\">Diretor(a) de Secretaria<\/span><\/p>\n<\/td>\n<\/tr>\n<\/tbody>\n<\/table>\n<p>&nbsp;<\/p>\n","protected":false},"excerpt":{"rendered":"<p>Correios deve assinar TAC com o Minist&eacute;rio P&uacute;blico do Trabalho, a respeito da quest&atilde;o dos cargos comissionados na Empresa &nbsp; Transcrevemos abaixo a ata da audi&ecirc;ncia do dia 22\/11, alusiva&hellip;<\/p>\n","protected":false},"author":1,"featured_media":0,"comment_status":"open","ping_status":"open","sticky":false,"template":"","format":"standard","meta":{"_editorskit_title_hidden":false,"_editorskit_reading_time":0,"_editorskit_is_block_options_detached":false,"_editorskit_block_options_position":"{}","footnotes":""},"categories":[5],"tags":[],"aioseo_notices":[],"_links":{"self":[{"href":"https:\/\/adcap.org.br\/index.php\/wp-json\/wp\/v2\/posts\/5082"}],"collection":[{"href":"https:\/\/adcap.org.br\/index.php\/wp-json\/wp\/v2\/posts"}],"about":[{"href":"https:\/\/adcap.org.br\/index.php\/wp-json\/wp\/v2\/types\/post"}],"author":[{"embeddable":true,"href":"https:\/\/adcap.org.br\/index.php\/wp-json\/wp\/v2\/users\/1"}],"replies":[{"embeddable":true,"href":"https:\/\/adcap.org.br\/index.php\/wp-json\/wp\/v2\/comments?post=5082"}],"version-history":[{"count":0,"href":"https:\/\/adcap.org.br\/index.php\/wp-json\/wp\/v2\/posts\/5082\/revisions"}],"wp:attachment":[{"href":"https:\/\/adcap.org.br\/index.php\/wp-json\/wp\/v2\/media?parent=5082"}],"wp:term":[{"taxonomy":"category","embeddable":true,"href":"https:\/\/adcap.org.br\/index.php\/wp-json\/wp\/v2\/categories?post=5082"},{"taxonomy":"post_tag","embeddable":true,"href":"https:\/\/adcap.org.br\/index.php\/wp-json\/wp\/v2\/tags?post=5082"}],"curies":[{"name":"wp","href":"https:\/\/api.w.org\/{rel}","templated":true}]}}