{"id":5029,"date":"2015-08-10T02:04:48","date_gmt":"2015-08-10T02:04:48","guid":{"rendered":"http:\/\/www.adcap.org.br\/v2\/index.php\/mudanca-de-regra-para-aposentadoria-exige-poupanca-ate-30-maior\/"},"modified":"2015-08-10T02:04:48","modified_gmt":"2015-08-10T02:04:48","slug":"mudanca-de-regra-para-aposentadoria-exige-poupanca-ate-30-maior","status":"publish","type":"post","link":"https:\/\/adcap.org.br\/index.php\/mudanca-de-regra-para-aposentadoria-exige-poupanca-ate-30-maior\/","title":{"rendered":"Mudan\u00e7a de regra para aposentadoria exige poupan\u00e7a at\u00e9 30% maior"},"content":{"rendered":"<p style=\"text-align: justify;\">Governo aprovou diminui&ccedil;&atilde;o da meta atuarial de 6% para 4,5% ao ano; queda come&ccedil;ar&aacute; este ano<br \/>e vai at&eacute; 2018<\/p>\n<p style=\"text-align: justify;\" align=\"center\">&nbsp;<\/p>\n<p style=\"text-align: justify;\"><em>Fonte: Estad&atilde;o<\/em><\/p>\n<p style=\"text-align: justify;\">Poupar para a aposentadoria vai exigir um esfor&ccedil;o financeiro maior a partir deste ano. A redu&ccedil;&atilde;o gradual da meta atuarial dos fundos de pens&atilde;o &#8211; ou seja, a previs&atilde;o de rentabilidade dos planos fechados de aposentadoria &#8211; de 6% para 4,5%, far&aacute; com que o investidor tenha de reservar uma quantia mensal maior para ter o mesmo valor acumulado. Para se ter uma ideia do impacto, para quem come&ccedil;ar a poupar agora por um per&iacute;odo de 30 anos, o valor mensal deve ser elevado em pouco mais de 30%.<\/p>\n<p style=\"text-align: justify;\">C&aacute;lculos do consultor financeiro e professor da Fipecafi, Silvio Paix&atilde;o, mostram que, com uma previs&atilde;o de rentabilidade de 6%, um investidor que poupasse R$ 1 mil por m&ecirc;s, chegaria ao final de 30 anos com R$ 974.513,07 &#8211; sem considerar os efeitos da infla&ccedil;&atilde;o. J&aacute; com uma meta atuarial de 4,5%, esse valor a ser economizado mensalmente sobe para R$ 1.304,46 &#8211; uma alta de 30,4%.<\/p>\n<p style=\"text-align: justify;\">Os n&uacute;meros do professor mostram que o impacto da mudan&ccedil;a &eacute; maior para per&iacute;odos mais longos. Veja a tabela:<\/p>\n<p><\/p>\n<table border=\"0\" cellpadding=\"0\">\n<tbody>\n<tr>\n<td>\n<p><strong><span style=\"font-family: Times New Roman; font-size: medium;\">&nbsp;Tempo de contribui&ccedil;&atilde;o<\/span><\/strong><\/p>\n<\/td>\n<td>\n<p><strong><span style=\"font-family: Times New Roman; font-size: medium;\">Contribui&ccedil;&atilde;o a 6% ao ano<\/span><\/strong><\/p>\n<\/td>\n<td>\n<p><strong><span style=\"font-family: Times New Roman; font-size: medium;\">Contribui&ccedil;&atilde;o a 4,5% ao ano<\/span><\/strong><\/p>\n<\/td>\n<td>\n<p><strong><span style=\"font-family: Times New Roman; font-size: medium;\">Valor acumulado&nbsp;<\/span><\/strong><\/p>\n<\/td>\n<\/tr>\n<tr>\n<td>\n<p><span style=\"font-family: Times New Roman; font-size: medium;\">&nbsp;10 anos<\/span><\/p>\n<\/td>\n<td>\n<p><span style=\"font-family: Times New Roman; font-size: medium;\">&nbsp;R$ 1 mil<\/span><\/p>\n<\/td>\n<td>\n<p><span style=\"font-family: Times New Roman; font-size: medium;\">&nbsp;R$ 1.079,73&nbsp;<\/span><\/p>\n<\/td>\n<td>\n<p><span style=\"font-family: Times New Roman; font-size: medium;\">&nbsp;R$ 162.473,45<\/span><\/p>\n<\/td>\n<\/tr>\n<tr>\n<td>\n<p><span style=\"font-size: medium;\"><span style=\"font-family: Times New Roman;\">&nbsp;20 anos&nbsp;&nbsp;&nbsp;&nbsp;&nbsp;&nbsp;&nbsp;&nbsp;&nbsp; <\/span><\/span><\/p>\n<\/td>\n<td>\n<p><span style=\"font-family: Times New Roman; font-size: medium;\">&nbsp;R$ 1 mil<\/span><\/p>\n<\/td>\n<td>\n<p><span style=\"font-family: Times New Roman; font-size: medium;\">&nbsp;R$ 1.180,34<\/span><\/p>\n<\/td>\n<td>\n<p><span style=\"font-family: Times New Roman; font-size: medium;\">&nbsp;R$ 453.438,66<\/span><\/p>\n<\/td>\n<\/tr>\n<tr>\n<td>\n<p><span style=\"font-family: Times New Roman; font-size: medium;\">&nbsp;30 anos<\/span><\/p>\n<\/td>\n<td>\n<p><span style=\"font-family: Times New Roman; font-size: medium;\">&nbsp;R$ 1 mil<\/span><\/p>\n<\/td>\n<td>\n<p><span style=\"font-family: Times New Roman; font-size: medium;\">&nbsp;R$ 1.304,46<\/span><\/p>\n<\/td>\n<td>\n<p><span style=\"font-family: Times New Roman; font-size: medium;\">&nbsp;R$ 974.513,07<\/span><\/p>\n<\/td>\n<\/tr>\n<\/tbody>\n<\/table>\n<p style=\"text-align: justify;\">&nbsp;<\/p>\n<p style=\"text-align: justify;\">&#8220;Quanto maior o prazo, maior a perda e, portanto, maior deve ser o esfor&ccedil;o da contribui&ccedil;&atilde;o nos prazos mais longos para acumular o mesmo valor no per&iacute;odo&#8221;, diz Paix&atilde;o. Ele comenta que no c&aacute;lculo n&atilde;o foram considerados os efeitos da infla&ccedil;&atilde;o. O efeito dos impostos tamb&eacute;m n&atilde;o foi levado em considera&ccedil;&atilde;o, pois dependem do perfil tribut&aacute;rio de cada pessoa.<\/p>\n<p style=\"text-align: justify;\">Entenda<\/p>\n<p style=\"text-align: justify;\">Os fundos de pens&atilde;o s&atilde;o planos de previd&ecirc;ncia fechados, organizados por empresas para os funcion&aacute;rios. Tais fundos perseguem metas de rentabilidade, chamadas de atuariais. At&eacute; agora, esta meta era de 6% ao ano, algo f&aacute;cil de ser atingido no passado quando os t&iacute;tulos p&uacute;blicos pagavam 12% ao ano ou mais. Com a queda da taxa b&aacute;sica de juros (Selic) at&eacute; o patamar de 7,25% ao ano, tal meta ficou dif&iacute;cil de ser atingida.<\/p>\n<p style=\"text-align: justify;\">O Conselho Nacional de Previd&ecirc;ncia Complementar (CNPC), &oacute;rg&atilde;o ligado ao Minist&eacute;rio da Previd&ecirc;ncia Social, aprovou ent&atilde;o a redu&ccedil;&atilde;o gradual da meta atuarial dos fundos de pens&atilde;o de 6% para 4,5% ao ano at&eacute; 2018.<\/p>\n<p style=\"text-align: justify;\">A medida vale a partir de 2013. A cada ano, a meta ter&aacute; um corte de 0,25 ponto porcentual. A meta atuarial consiste no rendimento real (descontada a infla&ccedil;&atilde;o medida pelo IPCA), necess&aacute;rio para que o fundo consiga pagar seu benefici&aacute;rios ao longo do tempo.<\/p>\n<p style=\"text-align: justify;\">&#8220;A decis&atilde;o reflete o cen&aacute;rio atual de juros mais baixos da economia brasileira&#8221;, informou o minist&eacute;rio, em comunicado.<\/p>\n<p style=\"text-align: justify;\">Para o secret&aacute;rio de pol&iacute;ticas de Previd&ecirc;ncia Complementar do minist&eacute;rio, Jaime Mariz, &eacute; necess&aacute;rio que os fundos criem alternativas de investimentos e n&atilde;o se concentrem apenas em t&iacute;tulos p&uacute;blicos.<\/p>\n<p style=\"text-align: justify;\" align=\"right\">(Com informa&ccedil;&otilde;es da Reuters)<\/p>\n<p style=\"text-align: justify;\"><strong>Atenciosamente,<br \/>Diretoria Executiva da ADCAP Nacional.<\/strong><\/p>\n<p>&nbsp;<\/p>\n","protected":false},"excerpt":{"rendered":"<p>Governo aprovou diminui&ccedil;&atilde;o da meta atuarial de 6% para 4,5% ao ano; queda come&ccedil;ar&aacute; este anoe vai at&eacute; 2018 &nbsp; Fonte: Estad&atilde;o Poupar para a aposentadoria vai exigir um esfor&ccedil;o&hellip;<\/p>\n","protected":false},"author":1,"featured_media":0,"comment_status":"open","ping_status":"open","sticky":false,"template":"","format":"standard","meta":{"_editorskit_title_hidden":false,"_editorskit_reading_time":0,"_editorskit_is_block_options_detached":false,"_editorskit_block_options_position":"{}","footnotes":""},"categories":[5],"tags":[],"aioseo_notices":[],"_links":{"self":[{"href":"https:\/\/adcap.org.br\/index.php\/wp-json\/wp\/v2\/posts\/5029"}],"collection":[{"href":"https:\/\/adcap.org.br\/index.php\/wp-json\/wp\/v2\/posts"}],"about":[{"href":"https:\/\/adcap.org.br\/index.php\/wp-json\/wp\/v2\/types\/post"}],"author":[{"embeddable":true,"href":"https:\/\/adcap.org.br\/index.php\/wp-json\/wp\/v2\/users\/1"}],"replies":[{"embeddable":true,"href":"https:\/\/adcap.org.br\/index.php\/wp-json\/wp\/v2\/comments?post=5029"}],"version-history":[{"count":0,"href":"https:\/\/adcap.org.br\/index.php\/wp-json\/wp\/v2\/posts\/5029\/revisions"}],"wp:attachment":[{"href":"https:\/\/adcap.org.br\/index.php\/wp-json\/wp\/v2\/media?parent=5029"}],"wp:term":[{"taxonomy":"category","embeddable":true,"href":"https:\/\/adcap.org.br\/index.php\/wp-json\/wp\/v2\/categories?post=5029"},{"taxonomy":"post_tag","embeddable":true,"href":"https:\/\/adcap.org.br\/index.php\/wp-json\/wp\/v2\/tags?post=5029"}],"curies":[{"name":"wp","href":"https:\/\/api.w.org\/{rel}","templated":true}]}}