{"id":5022,"date":"2015-08-10T05:41:31","date_gmt":"2015-08-10T05:41:31","guid":{"rendered":"http:\/\/www.adcap.org.br\/v2\/index.php\/justica-bloqueia-bens-de-executivos-do-fundo-e-pensao-postalis-dos-correios\/"},"modified":"2015-08-11T01:07:54","modified_gmt":"2015-08-11T01:07:54","slug":"justica-bloqueia-bens-de-executivos-do-fundo-e-pensao-postalis-dos-correios","status":"publish","type":"post","link":"https:\/\/adcap.org.br\/index.php\/justica-bloqueia-bens-de-executivos-do-fundo-e-pensao-postalis-dos-correios\/","title":{"rendered":"Justi\u00e7a bloqueia bens de executivos do fundo e pens\u00e3o Postalis, dos Correios"},"content":{"rendered":"<p style=\"text-align: justify;\" align=\"center\"><span style=\"font-size: small;\">O Estado de S. Paulo<br \/>\n<\/span><span style=\"font-size: small;\">08\/07\/2015<\/span><\/p>\n<p style=\"text-align: justify;\"><span style=\"font-size: small;\">S\u00e3o Paulo, 08 &#8211; A Justi\u00e7a Federal de S\u00e3o Paulo determinou o bloqueio dos bens de 20 pessoas ligadas ao Postalis, fundo de pens\u00e3o dos funcion\u00e1rios dos Correios, e a empresas do setor imobili\u00e1rio que negociaram a venda de um terreno para o fundo no valor de R$ 196 milh\u00f5es. As suspeitas s\u00e3o de que o neg\u00f3cio tenha sido feito de forma irregular.<\/span><\/p>\n<p style=\"text-align: justify;\"><span style=\"font-size: small;\">A determina\u00e7\u00e3o do bloqueio dos bens, que ser\u00e1 feito at\u00e9 atingir o valor total da compra do terreno, foi dada em um processo de improbidade administrativa movido pelo Minist\u00e9rio P\u00fablico Federal de S\u00e3o Paulo. O processo corre desde meados de junho em segredo de Justi\u00e7a. O MP pede na a\u00e7\u00e3o que seja anulada a compra do terreno de 117 mil metros quadrados em Cajamar (SP), que abriga hoje um centro log\u00edstico dos Correios, feita pelo Postalis em 2012.<\/span><\/p>\n<p style=\"text-align: justify;\"><span style=\"font-size: small;\">As suspeitas em torno da opera\u00e7\u00e3o se deram porque uma empresa com sede na Nova Zel\u00e2ndia, a Latam Real State, atravessou o neg\u00f3cio do Postalis. O fundo de pens\u00e3o estava negociando a \u00e1rea em Cajamar diretamente com o empres\u00e1rio Luiz Fernando Pires. De acordo com reportagem da revista \u00c9poca de novembro do ano passado, o Postalis estava disposto a pagar R$ 194 milh\u00f5es pelo terreno. Mas Pires o vendeu por R$ 150 milh\u00f5es \u00e0 Latam, que tr\u00eas meses depois o revendeu ao Postalis pelo valor inicial oferecido pelo fundo.<\/span><\/p>\n<p style=\"text-align: justify;\"><span style=\"font-size: small;\">Entre os executivos do Postalis que tiveram os bens bloqueados est\u00e1 o atual presidente do fundo, Antonio Carlos Conquista, que j\u00e1 foi do fundo de pens\u00e3o da Petrobras e foi indicado ao cargo pelo PT, a convite do presidente dos Correios, Wagner Pinheiro. A lista ainda inclui o presidente do Conselho, Ernani Coelho, tamb\u00e9m indicado pelos Correios ao cargo, e o diretor administrativo, Roberto Macedo de Siqueira Filho. Tamb\u00e9m fazem parte da lista ex-diretores como Ricardo Oliveira Azevedo, da \u00e1rea financeira, que foi indica\u00e7\u00e3o do PMDB, e Sin\u00e9cio Greve, da \u00e1rea de seguridade.<\/span><\/p>\n<p style=\"text-align: justify;\"><span style=\"font-size: small;\">Obras<\/span><\/p>\n<p style=\"text-align: justify;\"><span style=\"font-size: small;\">Os empres\u00e1rios que fizeram o neg\u00f3cio imobili\u00e1rio tamb\u00e9m tiveram seus bens bloqueados. Um deles \u00e9 Luiz Fernando Pires, s\u00f3cio da construtora mineira Mascarenhas Barbosa Roscoe e propriet\u00e1rio original do terreno. Outro nome \u00e9 o do advogado Marcelo Bicudo, representante da Latam Real State, e a pr\u00f3pria Latam.<\/span><\/p>\n<p style=\"text-align: justify;\"><span style=\"font-size: small;\">O advogado Rubens Bombini, s\u00f3cio de Marcelo Bicudo, explica que a diferen\u00e7a entre o valor de compra do terreno e o da sua venda ao Postalis se deu porque a Latam Real State construiu o galp\u00e3o hoje usado pelos Correios. Mas n\u00e3o soube dizer quem s\u00e3o os s\u00f3cios da empresa da Nova Zel\u00e2ndia e explicou que Bicudo estava em f\u00e9rias e por isso n\u00e3o poderia responder.<\/span><\/p>\n<p style=\"text-align: justify;\"><span style=\"font-size: small;\">Os envolvidos n\u00e3o foram ainda notificados pela Justi\u00e7a, nem mesmo de que est\u00e3o envolvidos em um processo de improbidade administrativa. Por telefone, o presidente do Postalis, Antonio Carlos Conquista, disse que a negocia\u00e7\u00e3o da \u00e1rea em Cajamar come\u00e7ou em 2010, portanto, antes de ele assumir a presid\u00eancia do fundo. A aprova\u00e7\u00e3o do neg\u00f3cio se deu na sua gest\u00e3o, mas calcada, segundo ele, em laudos que confirmavam o valor justo do neg\u00f3cios. &#8220;E, como ultrapassava 5% do patrim\u00f4nio do fundo, foi levado \u00e0 aprecia\u00e7\u00e3o do conselho&#8221;, disse ele.<\/span><\/p>\n<p style=\"text-align: justify;\"><span style=\"font-size: small;\">O presidente do Conselho do Postalis, Ernani Carneiro, disse que o neg\u00f3cio tem um bom rendimento para o fundo, apesar do atraso. O fundo estimou que o centro log\u00edstico entraria em opera\u00e7\u00e3o em 2013, mas s\u00f3 neste ano o complexo foi entregue. Em resposta \u00e0 revista \u00c9poca, em novembro do ano passado, os Correios afirmaram que o atraso se deu por causa de ajustes pedidos pela estatal.<\/span><\/p>\n<p style=\"text-align: justify;\"><span style=\"font-size: small;\">Os ex-diretores do Postalis n\u00e3o foram encontrados pela reportagem para comentar o caso e o empres\u00e1rio Luiz Fernando Pires n\u00e3o respondeu \u00e0s liga\u00e7\u00f5es. Os presidentes da diretoria e do conselho do fundo n\u00e3o souberam informar se o im\u00f3vel est\u00e1 registrado com ganhos ou perdas no balan\u00e7o de 2014, que ainda n\u00e3o foi divulgado.<\/span><\/p>\n<p style=\"text-align: justify;\"><span style=\"font-size: small;\">Maus neg\u00f3cios<\/span><\/p>\n<p style=\"text-align: justify;\"><span style=\"font-size: small;\">A compra do terreno \u00e9 apenas mais uma das negocia\u00e7\u00f5es colocadas sob suspeita feitas pelo fundo Postalis nos \u00faltimos anos. Tamb\u00e9m fazem parte dessa lista aplica\u00e7\u00f5es em bancos que seriam posteriormente liquidados, como o Cruzeiro do Sul e o BVA, e tamb\u00e9m investimentos atrelados \u00e0 d\u00edvida de pa\u00edses com problemas, como a Argentina e a Venezuela.<\/span><\/p>\n<p style=\"text-align: justify;\"><span style=\"font-size: small;\">Como resultado dessa equa\u00e7\u00e3o, o Postalis registrou um rombo de R$ 5,6 bilh\u00f5es no plano de benef\u00edcio definido do fundo. A Previc chegou \u00e0 conclus\u00e3o, depois de seis meses de investiga\u00e7\u00f5es, que os diretores e conselheiros do fundo eram respons\u00e1veis por uma parte desse rombo. As informa\u00e7\u00f5es s\u00e3o do jornal.\u00a0<\/span><\/p>\n","protected":false},"excerpt":{"rendered":"<p>O Estado de S. Paulo 08\/07\/2015 S\u00e3o Paulo, 08 &#8211; A Justi\u00e7a Federal de S\u00e3o Paulo determinou o bloqueio dos bens de 20 pessoas ligadas ao Postalis, fundo de pens\u00e3o&hellip;<\/p>\n","protected":false},"author":1,"featured_media":5307,"comment_status":"open","ping_status":"open","sticky":false,"template":"","format":"standard","meta":{"_editorskit_title_hidden":false,"_editorskit_reading_time":0,"_editorskit_is_block_options_detached":false,"_editorskit_block_options_position":"{}","footnotes":""},"categories":[3],"tags":[],"aioseo_notices":[],"_links":{"self":[{"href":"https:\/\/adcap.org.br\/index.php\/wp-json\/wp\/v2\/posts\/5022"}],"collection":[{"href":"https:\/\/adcap.org.br\/index.php\/wp-json\/wp\/v2\/posts"}],"about":[{"href":"https:\/\/adcap.org.br\/index.php\/wp-json\/wp\/v2\/types\/post"}],"author":[{"embeddable":true,"href":"https:\/\/adcap.org.br\/index.php\/wp-json\/wp\/v2\/users\/1"}],"replies":[{"embeddable":true,"href":"https:\/\/adcap.org.br\/index.php\/wp-json\/wp\/v2\/comments?post=5022"}],"version-history":[{"count":0,"href":"https:\/\/adcap.org.br\/index.php\/wp-json\/wp\/v2\/posts\/5022\/revisions"}],"wp:featuredmedia":[{"embeddable":true,"href":"https:\/\/adcap.org.br\/index.php\/wp-json\/wp\/v2\/media\/5307"}],"wp:attachment":[{"href":"https:\/\/adcap.org.br\/index.php\/wp-json\/wp\/v2\/media?parent=5022"}],"wp:term":[{"taxonomy":"category","embeddable":true,"href":"https:\/\/adcap.org.br\/index.php\/wp-json\/wp\/v2\/categories?post=5022"},{"taxonomy":"post_tag","embeddable":true,"href":"https:\/\/adcap.org.br\/index.php\/wp-json\/wp\/v2\/tags?post=5022"}],"curies":[{"name":"wp","href":"https:\/\/api.w.org\/{rel}","templated":true}]}}