{"id":5003,"date":"2015-08-10T01:45:24","date_gmt":"2015-08-10T01:45:24","guid":{"rendered":"http:\/\/www.adcap.org.br\/v2\/index.php\/politizacao-de-diretorias-compromete-gestao-de-fundos-de-pensao-diz-consultor-do-senado\/"},"modified":"2015-08-10T01:45:24","modified_gmt":"2015-08-10T01:45:24","slug":"politizacao-de-diretorias-compromete-gestao-de-fundos-de-pensao-diz-consultor-do-senado","status":"publish","type":"post","link":"https:\/\/adcap.org.br\/index.php\/politizacao-de-diretorias-compromete-gestao-de-fundos-de-pensao-diz-consultor-do-senado\/","title":{"rendered":"Politiza\u00e7\u00e3o de diretorias compromete gest\u00e3o  de fundos de pens\u00e3o, diz consultor do Senado"},"content":{"rendered":"<p style=\"text-align: justify;\"><span style=\"font-size: small;\">05\/05\/2015<br \/>Senado<\/span><\/p>\n<p style=\"text-align: justify;\">&nbsp;<\/p>\n<p style=\"text-align: justify;\"><span style=\"font-size: small;\">Respons&aacute;veis por&nbsp;quase 64% dos R$ 679&nbsp;bilh&otilde;es investidos no mercado financeiro do pa&iacute;s, os fundos de pens&atilde;o patrocinados por empresas estatais pecam pela politiza&ccedil;&atilde;o de sua gest&atilde;o, afirma o consultor do Senado Rafael Silveira e Silva. Doutor em Ci&ecirc;ncia Pol&iacute;tica pela Universidade de Bras&iacute;lia, ele trata do assunto em estudo que acaba de ser lan&ccedil;ado pela Consultoria Legislativa do Senado,&nbsp;<a href=\"https:\/\/emailmarketing.locaweb.com.br\/accounts\/39849\/messages\/172\/clicks\/%5bid%5d\/184\"><em>Fortalecer a Governan&ccedil;a &eacute; a Chave para Evitar Problemas nos Fundos de Pens&atilde;o<\/em><\/a>.&nbsp; Em entrevista ao programa&nbsp;<em>Conex&atilde;o Senado<\/em>, da&nbsp;<a href=\"https:\/\/emailmarketing.locaweb.com.br\/accounts\/39849\/messages\/172\/clicks\/%5bid%5d\/185\"><strong>R&aacute;dio Senado<\/strong><\/a>, Rafael fala da politiza&ccedil;&atilde;o das administra&ccedil;&otilde;es dos fundos em detrimento da condu&ccedil;&atilde;o profissional e t&eacute;cnica dessas entidades. Ele acrescenta que a politiza&ccedil;&atilde;o tamb&eacute;m afeta a Superintend&ecirc;ncia Nacional de Previd&ecirc;ncia Complementar (Previc), a quem cabe fiscalizar os fundos de pens&atilde;o.<\/span><\/p>\n<p style=\"text-align: justify;\">&nbsp;<\/p>\n<p style=\"text-align: justify;\"><span style=\"font-size: small;\"> &Aacute;udio:&nbsp;<a href=\"https:\/\/emailmarketing.locaweb.com.br\/accounts\/39849\/messages\/172\/clicks\/%5bid%5d\/186\">Download<\/a><\/span><\/p>\n","protected":false},"excerpt":{"rendered":"<p>05\/05\/2015Senado &nbsp; Respons&aacute;veis por&nbsp;quase 64% dos R$ 679&nbsp;bilh&otilde;es investidos no mercado financeiro do pa&iacute;s, os fundos de pens&atilde;o patrocinados por empresas estatais pecam pela politiza&ccedil;&atilde;o de sua gest&atilde;o, afirma o&hellip;<\/p>\n","protected":false},"author":1,"featured_media":0,"comment_status":"open","ping_status":"open","sticky":false,"template":"","format":"standard","meta":{"_editorskit_title_hidden":false,"_editorskit_reading_time":0,"_editorskit_is_block_options_detached":false,"_editorskit_block_options_position":"{}","footnotes":""},"categories":[3],"tags":[],"aioseo_notices":[],"_links":{"self":[{"href":"https:\/\/adcap.org.br\/index.php\/wp-json\/wp\/v2\/posts\/5003"}],"collection":[{"href":"https:\/\/adcap.org.br\/index.php\/wp-json\/wp\/v2\/posts"}],"about":[{"href":"https:\/\/adcap.org.br\/index.php\/wp-json\/wp\/v2\/types\/post"}],"author":[{"embeddable":true,"href":"https:\/\/adcap.org.br\/index.php\/wp-json\/wp\/v2\/users\/1"}],"replies":[{"embeddable":true,"href":"https:\/\/adcap.org.br\/index.php\/wp-json\/wp\/v2\/comments?post=5003"}],"version-history":[{"count":0,"href":"https:\/\/adcap.org.br\/index.php\/wp-json\/wp\/v2\/posts\/5003\/revisions"}],"wp:attachment":[{"href":"https:\/\/adcap.org.br\/index.php\/wp-json\/wp\/v2\/media?parent=5003"}],"wp:term":[{"taxonomy":"category","embeddable":true,"href":"https:\/\/adcap.org.br\/index.php\/wp-json\/wp\/v2\/categories?post=5003"},{"taxonomy":"post_tag","embeddable":true,"href":"https:\/\/adcap.org.br\/index.php\/wp-json\/wp\/v2\/tags?post=5003"}],"curies":[{"name":"wp","href":"https:\/\/api.w.org\/{rel}","templated":true}]}}