{"id":4960,"date":"2015-08-10T01:45:09","date_gmt":"2015-08-10T01:45:09","guid":{"rendered":"http:\/\/www.adcap.org.br\/v2\/index.php\/criancas-nao-ganham-presentes-e-correios-nao-da-explicacao\/"},"modified":"2015-08-10T01:45:09","modified_gmt":"2015-08-10T01:45:09","slug":"criancas-nao-ganham-presentes-e-correios-nao-da-explicacao","status":"publish","type":"post","link":"https:\/\/adcap.org.br\/index.php\/criancas-nao-ganham-presentes-e-correios-nao-da-explicacao\/","title":{"rendered":"Crian\u00e7as n\u00e3o ganham presentes e Correios n\u00e3o d\u00e1 explica\u00e7\u00e3o"},"content":{"rendered":"<p style=\"text-align: justify;\"><span style=\"font-size: small;\">Extra RJ<\/span><\/p>\n<p style=\"text-align: justify;\"><span style=\"font-size: small;\">26\/12\/2014<\/span><\/p>\n<p style=\"text-align: justify;\"><span style=\"font-size: small;\">&nbsp;<\/span><\/p>\n<p style=\"text-align: justify;\"><span style=\"font-size: small;\">O Natal passou, mas muita gente ainda n&atilde;o recebeu o t&atilde;o sonhado presente. O caos nos centros de entrega do <strong>Correios<\/strong> prejudicou a comemora&ccedil;&atilde;o de muitas fam&iacute;lias. E elas precisaram se desdobrar para explicar &agrave; crian&ccedil;ada o motivo da aus&ecirc;ncia dos pacotes aos p&eacute;s da &aacute;rvore. Sobrou at&eacute; para o Bom Velhinho.<\/span><\/p>\n<p style=\"text-align: justify;\"><span style=\"font-size: small;\">&nbsp;<\/span><\/p>\n<p style=\"text-align: justify;\"><span style=\"font-size: small;\">&mdash; Inventei que o Papai Noel ficou preso no tr&acirc;nsito, e, por isso, n&atilde;o conseguiu chegar a tempo &mdash; conta o coordenador de eventos Anderson Amorim, de 29 anos, morador de &Aacute;gua Santa, que foi tr&ecirc;s dias &agrave; unidade de Benfica tentar retirar o videogame que encomendou para o sobrinho Pedro, de 4 anos.<\/span><\/p>\n<p style=\"text-align: justify;\"><span style=\"font-size: small;\">&nbsp;<\/span><\/p>\n<p style=\"text-align: justify;\"><span style=\"font-size: small;\">O industri&aacute;rio Fl&aacute;vio Tarjino, de 43, morador de Anchieta, comprou dois celulares para dar de presente &agrave;s filhas Amanda, de 10 anos, e Milena, de 16. A compra foi feita no dia 28 de novembro, quase um m&ecirc;s antes do Natal.<\/span><\/p>\n<p style=\"text-align: justify;\"><span style=\"font-size: small;\">&nbsp;<\/span><\/p>\n<p style=\"text-align: justify;\"><span style=\"font-size: small;\">&mdash; Nos dias 22 e 23, n&atilde;o consegui nem pegar senha. No dia 24, cheguei cedo e ganhei senha de atendimento, mas, quando deu meio-dia, os funcion&aacute;rios anunciaram que n&atilde;o atenderiam mais ningu&eacute;m &mdash; desabafa.<\/span><\/p>\n<p style=\"text-align: justify;\"><span style=\"font-size: small;\">&nbsp;<\/span><\/p>\n<p style=\"text-align: justify;\"><span style=\"font-size: small;\">A via-cr&uacute;cis de Fl&aacute;vio n&atilde;o terminou a&iacute;. Por sofrer de problema renal cr&ocirc;nico, ele teve uma crise depois de ficar a manh&atilde; inteira sem beber &aacute;gua, aguardando do lado de fora da unidade do Correios, e acabou indo direto para o Hospital Pasteur, no M&eacute;ier.<\/span><\/p>\n<p style=\"text-align: justify;\"><span style=\"font-size: small;\">&nbsp;<\/span><\/p>\n<p style=\"text-align: justify;\"><span style=\"font-size: small;\">&mdash; Na v&eacute;spera do Natal, s&oacute; cheguei em casa &agrave;s 21h30m, e ainda precisei ficar de repouso. Acabei contando &agrave;s meninas que tinha comprado um celular para cada uma, e expliquei que eles estavam presos. Sorte que elas foram compreensivas &mdash; lembra.<\/span><\/p>\n<p style=\"text-align: justify;\"><span style=\"font-size: small;\">&nbsp;<\/span><\/p>\n<p style=\"text-align: justify;\"><span style=\"font-size: small;\">O problema no Correios tamb&eacute;m azedou a ceia da veterin&aacute;ria Sabrina Ferreira. Ela encomendou presentes para o filho, o pai e a m&atilde;e. Embora os pacotes tenham chegado no &uacute;ltimo dia 10 ao centro de entregas de Benfica, ela n&atilde;o conseguiu retir&aacute;-los na v&eacute;spera de Natal.<\/span><\/p>\n<p style=\"text-align: justify;\"><span style=\"font-size: small;\">&nbsp;<\/span><\/p>\n<p style=\"text-align: justify;\"><span style=\"font-size: small;\">&mdash; Fique l&aacute; das 9h30m ao meio-dia, mas nem cheguei perto de ser atendida. Fui tratada de forma grosseira &mdash; diz a moradora do Recreio.<\/span><\/p>\n<p style=\"text-align: justify;\"><span style=\"font-size: small;\">&nbsp;<\/span><\/p>\n<p style=\"text-align: justify;\"><span style=\"font-size: small;\">Diversas outras pessoas que recorreram ao centro de entregas em Benfica, no dia 24, enfrentaram o mesmo problema. Kelly Pureza encomendou para a sobrinha um vestido infantil inspirado na princesa Elsa, personagem do filme &ldquo;Frozen&rdquo;. Mas s&oacute; chegou a coroa. O vestido ficou preso no Correios. Adriana C&acirc;mara tentou retirar uma c&acirc;mera para a filha, mas voltou de m&atilde;os abanando para casa. A assessoria de imprensa do Correios foi procurada, mas, at&eacute; quinta-feira &agrave; noite, n&atilde;o havia respondido &agrave;s perguntas do EXTRA.<\/span><\/p>\n","protected":false},"excerpt":{"rendered":"<p>Extra RJ 26\/12\/2014 &nbsp; O Natal passou, mas muita gente ainda n&atilde;o recebeu o t&atilde;o sonhado presente. O caos nos centros de entrega do Correios prejudicou a comemora&ccedil;&atilde;o de muitas&hellip;<\/p>\n","protected":false},"author":1,"featured_media":0,"comment_status":"open","ping_status":"open","sticky":false,"template":"","format":"standard","meta":{"_editorskit_title_hidden":false,"_editorskit_reading_time":0,"_editorskit_is_block_options_detached":false,"_editorskit_block_options_position":"{}","footnotes":""},"categories":[3],"tags":[],"aioseo_notices":[],"_links":{"self":[{"href":"https:\/\/adcap.org.br\/index.php\/wp-json\/wp\/v2\/posts\/4960"}],"collection":[{"href":"https:\/\/adcap.org.br\/index.php\/wp-json\/wp\/v2\/posts"}],"about":[{"href":"https:\/\/adcap.org.br\/index.php\/wp-json\/wp\/v2\/types\/post"}],"author":[{"embeddable":true,"href":"https:\/\/adcap.org.br\/index.php\/wp-json\/wp\/v2\/users\/1"}],"replies":[{"embeddable":true,"href":"https:\/\/adcap.org.br\/index.php\/wp-json\/wp\/v2\/comments?post=4960"}],"version-history":[{"count":0,"href":"https:\/\/adcap.org.br\/index.php\/wp-json\/wp\/v2\/posts\/4960\/revisions"}],"wp:attachment":[{"href":"https:\/\/adcap.org.br\/index.php\/wp-json\/wp\/v2\/media?parent=4960"}],"wp:term":[{"taxonomy":"category","embeddable":true,"href":"https:\/\/adcap.org.br\/index.php\/wp-json\/wp\/v2\/categories?post=4960"},{"taxonomy":"post_tag","embeddable":true,"href":"https:\/\/adcap.org.br\/index.php\/wp-json\/wp\/v2\/tags?post=4960"}],"curies":[{"name":"wp","href":"https:\/\/api.w.org\/{rel}","templated":true}]}}