{"id":4927,"date":"2015-08-10T01:44:56","date_gmt":"2015-08-10T01:44:56","guid":{"rendered":"http:\/\/www.adcap.org.br\/v2\/index.php\/correios-recorrem-a-justica-contra-declaracoes-de-aecio\/"},"modified":"2015-08-10T01:44:56","modified_gmt":"2015-08-10T01:44:56","slug":"correios-recorrem-a-justica-contra-declaracoes-de-aecio","status":"publish","type":"post","link":"https:\/\/adcap.org.br\/index.php\/correios-recorrem-a-justica-contra-declaracoes-de-aecio\/","title":{"rendered":"Correios recorrem \u00e0 Justi\u00e7a contra declara\u00e7\u00f5es de A\u00e9cio"},"content":{"rendered":"<p style=\"text-align: justify;\"><span style=\"font-size: small;\">Exame<\/span><\/p>\n<p style=\"text-align: justify;\"><span style=\"font-size: small;\">07\/10\/2014<\/span><\/p>\n<p style=\"text-align: justify;\"><span style=\"font-size: small;\">&nbsp;<\/span><\/p>\n<p style=\"text-align: justify;\"><span style=\"font-size: small;\">Bras&iacute;lia &#8211; Os <strong>Correios<\/strong> protocolaram hoje (7) uma interpela&ccedil;&atilde;o judicial na 21&ordf; Vara da Justi&ccedil;a Federal, em Bras&iacute;lia, pedindo a notifica&ccedil;&atilde;o do senador A&eacute;cio Neves (PSDB), candidato &agrave; Presid&ecirc;ncia da Rep&uacute;blica. Conforme informa&ccedil;&otilde;es da assessoria de imprensa dos Correios, no documento encaminhado &agrave; Justi&ccedil;a a empresa alega que n&atilde;o s&atilde;o verdadeiras as declara&ccedil;&otilde;es do candidato com rela&ccedil;&atilde;o &agrave; distribui&ccedil;&atilde;o de material de campanha.<\/span><\/p>\n<p style=\"text-align: justify;\"><span style=\"font-size: small;\">&nbsp;<\/span><\/p>\n<p style=\"text-align: justify;\"><span style=\"font-size: small;\">De acordo com a assessoria, o senador declarou &agrave; imprensa que o material de sua campanha n&atilde;o teria sido entregue pelos Correios e que, por isso, a empresa cometera crime eleitoral.<\/span><\/p>\n<p style=\"text-align: justify;\"><span style=\"font-size: small;\">&nbsp;<\/span><\/p>\n<p style=\"text-align: justify;\"><span style=\"font-size: small;\">A assessoria acrescentou que a peti&ccedil;&atilde;o inclui documentos que provariam que as declara&ccedil;&otilde;es do senador s&atilde;o improcedentes.<\/span><\/p>\n<p style=\"text-align: justify;\"><span style=\"font-size: small;\">&nbsp;<\/span><\/p>\n<p style=\"text-align: justify;\"><span style=\"font-size: small;\">Os Correios querem que senador tenha conhecimento do teor da peti&ccedil;&atilde;o e que seja advertido da possibilidade de nova a&ccedil;&atilde;o para &ldquo;fins reparat&oacute;rios&rdquo;.<\/span><\/p>\n<p style=\"text-align: justify;\"><span style=\"font-size: small;\">&nbsp;<\/span><\/p>\n<p style=\"text-align: justify;\"><span style=\"font-size: small;\">Caso ocorram outras declara&ccedil;&otilde;es desse tipo, a empresa tomar&aacute; medidas penais com a inten&ccedil;&atilde;o de proteger sua honra.<\/span><\/p>\n","protected":false},"excerpt":{"rendered":"<p>Exame 07\/10\/2014 &nbsp; Bras&iacute;lia &#8211; Os Correios protocolaram hoje (7) uma interpela&ccedil;&atilde;o judicial na 21&ordf; Vara da Justi&ccedil;a Federal, em Bras&iacute;lia, pedindo a notifica&ccedil;&atilde;o do senador A&eacute;cio Neves (PSDB), candidato&hellip;<\/p>\n","protected":false},"author":1,"featured_media":0,"comment_status":"open","ping_status":"open","sticky":false,"template":"","format":"standard","meta":{"_editorskit_title_hidden":false,"_editorskit_reading_time":0,"_editorskit_is_block_options_detached":false,"_editorskit_block_options_position":"{}","footnotes":""},"categories":[3],"tags":[],"aioseo_notices":[],"_links":{"self":[{"href":"https:\/\/adcap.org.br\/index.php\/wp-json\/wp\/v2\/posts\/4927"}],"collection":[{"href":"https:\/\/adcap.org.br\/index.php\/wp-json\/wp\/v2\/posts"}],"about":[{"href":"https:\/\/adcap.org.br\/index.php\/wp-json\/wp\/v2\/types\/post"}],"author":[{"embeddable":true,"href":"https:\/\/adcap.org.br\/index.php\/wp-json\/wp\/v2\/users\/1"}],"replies":[{"embeddable":true,"href":"https:\/\/adcap.org.br\/index.php\/wp-json\/wp\/v2\/comments?post=4927"}],"version-history":[{"count":0,"href":"https:\/\/adcap.org.br\/index.php\/wp-json\/wp\/v2\/posts\/4927\/revisions"}],"wp:attachment":[{"href":"https:\/\/adcap.org.br\/index.php\/wp-json\/wp\/v2\/media?parent=4927"}],"wp:term":[{"taxonomy":"category","embeddable":true,"href":"https:\/\/adcap.org.br\/index.php\/wp-json\/wp\/v2\/categories?post=4927"},{"taxonomy":"post_tag","embeddable":true,"href":"https:\/\/adcap.org.br\/index.php\/wp-json\/wp\/v2\/tags?post=4927"}],"curies":[{"name":"wp","href":"https:\/\/api.w.org\/{rel}","templated":true}]}}