{"id":4703,"date":"2015-08-10T01:43:31","date_gmt":"2015-08-10T01:43:31","guid":{"rendered":"http:\/\/www.adcap.org.br\/v2\/index.php\/ministerio-publico-do-trabalho-propoe-fim-da-greve-nos-correios-e-sindicato-recusa\/"},"modified":"2015-08-10T01:43:31","modified_gmt":"2015-08-10T01:43:31","slug":"ministerio-publico-do-trabalho-propoe-fim-da-greve-nos-correios-e-sindicato-recusa","status":"publish","type":"post","link":"https:\/\/adcap.org.br\/index.php\/ministerio-publico-do-trabalho-propoe-fim-da-greve-nos-correios-e-sindicato-recusa\/","title":{"rendered":"Minist\u00e9rio P\u00fablico do Trabalho prop\u00f5e fim da greve nos Correios e sindicato recusa"},"content":{"rendered":"<p style=\"margin: 0cm 0cm 0pt; text-align: justify;\"><span style=\"font-size: small;\"><span style=\"font-family: 'Arial','sans-serif';\">Correios<br \/> 24\/02\/2014 <\/span><\/span><\/p>\n<p style=\"margin: 0cm 0cm 0pt; text-align: justify;\"><span style=\"font-family: 'Arial','sans-serif'; font-size: small;\">&nbsp;<\/span><\/p>\n<p style=\"margin: 0cm 0cm 0pt; text-align: justify;\"><span style=\"font-family: 'Arial','sans-serif'; font-size: small;\">O representante do Minist&eacute;rio P&uacute;blico do Trabalho, subprocurador geral do Trabalho Jos&eacute; Neto da Silva, prop&ocirc;s que a Federa&ccedil;&atilde;o Nacional dos Trabalhadores nas Empresas de <strong>Correios<\/strong>, Tel&eacute;grafos e Similares-Fentect suspendesse a greve at&eacute; o julgamento de a&ccedil;&atilde;o que tramita na primeira inst&acirc;ncia a respeito do plano de sa&uacute;de dos Correios. Pela proposta do subprocurador, realizada durante audi&ecirc;ncia de concilia&ccedil;&atilde;o na manh&atilde; desta segunda-feira no Tribunal Superior do Trabalho (TST), os trabalhadores retornariam ao trabalho e a empresa se comprometeria, em ata, a negociar a metade dos dias parados. <\/span><\/p>\n<p style=\"margin: 0cm 0cm 0pt; text-align: justify;\"><span style=\"font-family: 'Arial','sans-serif'; font-size: small;\">&nbsp;<\/span><\/p>\n<p style=\"margin: 0cm 0cm 0pt; text-align: justify;\"><span style=\"font-family: 'Arial','sans-serif'; font-size: small;\">A proposta foi recusada pela federa&ccedil;&atilde;o. Os representantes da Fentect afirmaram n&atilde;o haver possibilidade de acordo, mesmo diante da insist&ecirc;ncia do MPT. &ldquo;N&atilde;o entendi bem o que o sindicato pede&rdquo;, afirmou Silva, lembrando a a&ccedil;&atilde;o que j&aacute; existe na 6&ordf; Vara do Trabalho de Bras&iacute;lia a respeito da implanta&ccedil;&atilde;o da Postal Sa&uacute;de como gestora do plano Correios Sa&uacute;de.&nbsp; &ldquo;A Justi&ccedil;a do Trabalho vai decidir quem tem raz&atilde;o e o prolongamento dessa greve pode trazer preju&iacute;zos a voc&ecirc;s, se for julgada abusiva&rdquo;, explicou.<\/span><\/p>\n<p style=\"margin: 0cm 0cm 0pt; text-align: justify;\"><span style=\"font-family: 'Arial','sans-serif'; font-size: small;\">&nbsp;<\/span><\/p>\n<p style=\"margin: 0cm 0cm 0pt; text-align: justify;\"><span style=\"font-family: 'Arial','sans-serif'; font-size: small;\">Por diversas vezes, o subprocurador afirmou &ldquo;n&atilde;o saber se o caminho tomado pela federa&ccedil;&atilde;o foi o melhor&rdquo;. &ldquo;Em vez da greve, voc&ecirc;s deveriam ter conversado com o juiz na 6&ordf; Vara. O TST, nesse processo, dificilmente vai beneficiar voc&ecirc;s em alguma coisa. Se os trabalhadores tiverem que repor todos esses dias, o sindicato n&atilde;o vai sair muito bem&rdquo;, alertou. <\/span><\/p>\n<p style=\"margin: 0cm 0cm 0pt; text-align: justify;\"><span style=\"font-family: 'Arial','sans-serif'; font-size: small;\">&nbsp;<\/span><\/p>\n<p style=\"margin: 0cm 0cm 0pt; text-align: justify;\"><span style=\"font-family: 'Arial','sans-serif'; font-size: small;\">Por fim, usando termos como &ldquo;caiu no vazio&rdquo; e &ldquo;destoou da realidade&rdquo; para se referir &agrave; paralisa&ccedil;&atilde;o parcial deflagrada pela Fentect, o subprocurador avisou: &ldquo;Minha tentativa &eacute; dizer dos riscos que voc&ecirc;s est&atilde;o correndo. Tem uma satisfa&ccedil;&atilde;o que a federa&ccedil;&atilde;o tem que dar aos trabalhadores. Se n&atilde;o ganharem nada, v&atilde;o dizer que o TST n&atilde;o avisou. Ent&atilde;o estou alertando&rdquo;, finalizou.<\/span><\/p>\n<p style=\"margin: 0cm 0cm 0pt; text-align: justify;\"><span style=\"font-family: 'Arial','sans-serif'; font-size: small;\">&nbsp;<\/span><\/p>\n<p style=\"margin: 0cm 0cm 0pt; text-align: justify;\"><span style=\"font-family: 'Arial','sans-serif'; font-size: small;\">Os Correios reiteraram, durante a audi&ecirc;ncia de concilia&ccedil;&atilde;o, que nenhuma altera&ccedil;&atilde;o ser&aacute; feita nos benef&iacute;cios do plano CorreiosSa&uacute;de. O vice-presidente Jur&iacute;dico da empresa, Cl&eacute;ucio Nunes, lembrou que em 2013, no julgamento do diss&iacute;dio, o TST j&aacute; se manifestou a respeito de que as decis&otilde;es sobre a gest&atilde;o do plano s&atilde;o de compet&ecirc;ncia da empregadora e n&atilde;o do sindicato. &ldquo;A greve n&atilde;o &eacute; para reivindicar um direito, e sim contra a Justi&ccedil;a. H&aacute; uma a&ccedil;&atilde;o em tramita&ccedil;&atilde;o e a Justi&ccedil;a vai decidir. A empresa e o TST n&atilde;o t&ecirc;m o que fazer nessa situa&ccedil;&atilde;o&rdquo;, explicou.<\/span><\/p>\n<p style=\"margin: 0cm 0cm 0pt; text-align: justify;\"><span style=\"font-family: 'Arial','sans-serif'; font-size: small;\">&nbsp;<\/span><\/p>\n<p style=\"text-align: justify;\"><span style=\"font-family: 'Arial','sans-serif'; font-size: small; mso-fareast-font-family: Calibri; mso-fareast-theme-font: minor-latin; mso-ansi-language: PT-BR; mso-fareast-language: PT-BR; mso-bidi-language: AR-SA;\">Sem possibilidade de acordo, j&aacute; que a Fentect recusou a proposta do MPT e vem recusando inclusive formalmente os chamados dos Correios para participar de reuni&otilde;es afetas &agrave; Postal Sa&uacute;de, o relator do diss&iacute;dio, ministro M&aacute;rcio Eurico Vitral Amaro, anunciou que o processo ser&aacute; julgado pela Se&ccedil;&atilde;o de Diss&iacute;dios Coletivos do TST, em data a ser agendada &mdash; alertando, por&eacute;m, que s&oacute; ser&aacute; poss&iacute;vel realizar o julgamento ap&oacute;s o carnaval.<\/span><\/p>\n","protected":false},"excerpt":{"rendered":"<p>Correios 24\/02\/2014 &nbsp; O representante do Minist&eacute;rio P&uacute;blico do Trabalho, subprocurador geral do Trabalho Jos&eacute; Neto da Silva, prop&ocirc;s que a Federa&ccedil;&atilde;o Nacional dos Trabalhadores nas Empresas de Correios, Tel&eacute;grafos&hellip;<\/p>\n","protected":false},"author":1,"featured_media":0,"comment_status":"open","ping_status":"open","sticky":false,"template":"","format":"standard","meta":{"_editorskit_title_hidden":false,"_editorskit_reading_time":0,"_editorskit_is_block_options_detached":false,"_editorskit_block_options_position":"{}","footnotes":""},"categories":[3],"tags":[],"aioseo_notices":[],"_links":{"self":[{"href":"https:\/\/adcap.org.br\/index.php\/wp-json\/wp\/v2\/posts\/4703"}],"collection":[{"href":"https:\/\/adcap.org.br\/index.php\/wp-json\/wp\/v2\/posts"}],"about":[{"href":"https:\/\/adcap.org.br\/index.php\/wp-json\/wp\/v2\/types\/post"}],"author":[{"embeddable":true,"href":"https:\/\/adcap.org.br\/index.php\/wp-json\/wp\/v2\/users\/1"}],"replies":[{"embeddable":true,"href":"https:\/\/adcap.org.br\/index.php\/wp-json\/wp\/v2\/comments?post=4703"}],"version-history":[{"count":0,"href":"https:\/\/adcap.org.br\/index.php\/wp-json\/wp\/v2\/posts\/4703\/revisions"}],"wp:attachment":[{"href":"https:\/\/adcap.org.br\/index.php\/wp-json\/wp\/v2\/media?parent=4703"}],"wp:term":[{"taxonomy":"category","embeddable":true,"href":"https:\/\/adcap.org.br\/index.php\/wp-json\/wp\/v2\/categories?post=4703"},{"taxonomy":"post_tag","embeddable":true,"href":"https:\/\/adcap.org.br\/index.php\/wp-json\/wp\/v2\/tags?post=4703"}],"curies":[{"name":"wp","href":"https:\/\/api.w.org\/{rel}","templated":true}]}}