{"id":4593,"date":"2015-08-10T01:42:55","date_gmt":"2015-08-10T01:42:55","guid":{"rendered":"http:\/\/www.adcap.org.br\/v2\/index.php\/correios-recebe-inscricoes-para-forum-de-direitos-humanos-em-brasilia\/"},"modified":"2015-08-10T01:42:55","modified_gmt":"2015-08-10T01:42:55","slug":"correios-recebe-inscricoes-para-forum-de-direitos-humanos-em-brasilia","status":"publish","type":"post","link":"https:\/\/adcap.org.br\/index.php\/correios-recebe-inscricoes-para-forum-de-direitos-humanos-em-brasilia\/","title":{"rendered":"Correios recebe inscri\u00e7\u00f5es para F\u00f3rum de Direitos Humanos em Bras\u00edlia"},"content":{"rendered":"<p style=\"text-align: justify;\"><span style=\"font-size: small;\"><span style=\"font-family: 'Arial','sans-serif';\">Correios<br \/>21\/10\/2013<!--?xml:namespace prefix = \"o\" ns = \"urn:schemas-microsoft-com:office:office\" \/--><\/span><\/span><\/p>\n<p style=\"text-align: justify;\"><span style=\"font-family: 'Arial','sans-serif'; font-size: small;\"><br \/>Os <strong>Correios<\/strong> recebem, at&eacute; amanh&atilde; (22), as inscri&ccedil;&otilde;es para o III F&oacute;rum dos Direitos Humanos, que ser&aacute; realizado na sexta-feira (25), no Edif&iacute;cio Sede da ECT, em Bras&iacute;lia. O tema do f&oacute;rum &eacute; &ldquo;Negros e Negras nos Correios&rdquo;. As inscri&ccedil;&otilde;es s&atilde;o gratuitas e podem ser feitas pelo site da ECT: <a href=\"http:\/\/www.correios.com.br\/sobreCorreios\/sustentabilidade\/vertenteSocial\/formForumDireitoIgualdade.cfm\">http:\/\/www.correios.com.br\/sobreCorreios\/sustentabilidade\/vertenteSocial\/formForumDireitoIgualdade.cfm<\/a>.<\/span><\/p>\n<p style=\"text-align: justify;\"><span style=\"font-family: 'Arial','sans-serif'; font-size: small;\"><br \/>Ser&atilde;o realizados pain&eacute;is e palestras com o intuito de expor e entender o contexto atual da Legisla&ccedil;&atilde;o e das normas internas vinculadas a essa tem&aacute;tica. <\/span><\/p>\n<p style=\"text-align: justify;\"><span style=\"font-family: 'Arial','sans-serif'; font-size: small;\"><br \/>A a&ccedil;&atilde;o faz parte do Programa Pr&oacute;-Equidade de G&ecirc;nero e Ra&ccedil;a, coordenado pela Secretaria de Pol&iacute;ticas para as Mulheres da Presid&ecirc;ncia da Rep&uacute;blica (SPM\/PR). O principal objetivo desta edi&ccedil;&atilde;o &eacute; resgatar a hist&oacute;ria das negras e negros nos Correios, suas conquistas e desafios, al&eacute;m de aprofundar a discuss&atilde;o sobre as rela&ccedil;&otilde;es raciais no ambiente corporativo e contribuir para a promo&ccedil;&atilde;o da igualdade racial no contexto hist&oacute;rico dos 350 anos de servi&ccedil;o postal no Brasil.<\/span><\/p>\n","protected":false},"excerpt":{"rendered":"<p>Correios21\/10\/2013 Os Correios recebem, at&eacute; amanh&atilde; (22), as inscri&ccedil;&otilde;es para o III F&oacute;rum dos Direitos Humanos, que ser&aacute; realizado na sexta-feira (25), no Edif&iacute;cio Sede da ECT, em Bras&iacute;lia. O&hellip;<\/p>\n","protected":false},"author":1,"featured_media":0,"comment_status":"open","ping_status":"open","sticky":false,"template":"","format":"standard","meta":{"_editorskit_title_hidden":false,"_editorskit_reading_time":0,"_editorskit_is_block_options_detached":false,"_editorskit_block_options_position":"{}","footnotes":""},"categories":[3],"tags":[],"aioseo_notices":[],"_links":{"self":[{"href":"https:\/\/adcap.org.br\/index.php\/wp-json\/wp\/v2\/posts\/4593"}],"collection":[{"href":"https:\/\/adcap.org.br\/index.php\/wp-json\/wp\/v2\/posts"}],"about":[{"href":"https:\/\/adcap.org.br\/index.php\/wp-json\/wp\/v2\/types\/post"}],"author":[{"embeddable":true,"href":"https:\/\/adcap.org.br\/index.php\/wp-json\/wp\/v2\/users\/1"}],"replies":[{"embeddable":true,"href":"https:\/\/adcap.org.br\/index.php\/wp-json\/wp\/v2\/comments?post=4593"}],"version-history":[{"count":0,"href":"https:\/\/adcap.org.br\/index.php\/wp-json\/wp\/v2\/posts\/4593\/revisions"}],"wp:attachment":[{"href":"https:\/\/adcap.org.br\/index.php\/wp-json\/wp\/v2\/media?parent=4593"}],"wp:term":[{"taxonomy":"category","embeddable":true,"href":"https:\/\/adcap.org.br\/index.php\/wp-json\/wp\/v2\/categories?post=4593"},{"taxonomy":"post_tag","embeddable":true,"href":"https:\/\/adcap.org.br\/index.php\/wp-json\/wp\/v2\/tags?post=4593"}],"curies":[{"name":"wp","href":"https:\/\/api.w.org\/{rel}","templated":true}]}}