{"id":4575,"date":"2015-08-10T01:42:49","date_gmt":"2015-08-10T01:42:49","guid":{"rendered":"http:\/\/www.adcap.org.br\/v2\/index.php\/greve-dos-correios-sera-julgada-pelo-tst-na-proxima-terca-feira\/"},"modified":"2015-08-10T01:42:49","modified_gmt":"2015-08-10T01:42:49","slug":"greve-dos-correios-sera-julgada-pelo-tst-na-proxima-terca-feira","status":"publish","type":"post","link":"https:\/\/adcap.org.br\/index.php\/greve-dos-correios-sera-julgada-pelo-tst-na-proxima-terca-feira\/","title":{"rendered":"Greve dos Correios ser\u00e1 julgada pelo TST na pr\u00f3xima ter\u00e7a-feira"},"content":{"rendered":"<p style=\"text-align: justify;\"><!--?xml:namespace prefix = \"o\" ns = \"urn:schemas-microsoft-com:office:office\" \/--><span style=\"font-family: 'Arial','sans-serif'; font-size: small;\">EBC<br \/>01.10.2013<\/span><\/p>\n<p style=\"text-align: justify;\"><span style=\"font-family: 'Arial','sans-serif'; font-size: small;\"><br \/>Bras&iacute;lia &#8211; O fim da greve dos <strong>Correios<\/strong> poder&aacute; ser determinado na pr&oacute;xima ter&ccedil;a-feira (8), quando est&aacute; marcado o julgamento do diss&iacute;dio no Tribunal Superior do Trabalho (TST). O relator ser&aacute; o ministro Fernando Eizo Ono, que ir&aacute; decidir se os trabalhadores dever&atilde;o retomar as atividades, qual ser&aacute; o reajuste aplicado aos sal&aacute;rios e como dever&aacute; ser a reposi&ccedil;&atilde;o dos dias parados.<\/span><\/p>\n<p style=\"text-align: justify;\"><span style=\"font-family: 'Arial','sans-serif'; font-size: small;\">A greve dos funcion&aacute;rios dos Correios ser&aacute; julgada pelo TST porque a empresa e os trabalhadores n&atilde;o chegaram a um acordo em rela&ccedil;&atilde;o &agrave;s condi&ccedil;&otilde;es de reajuste salarial. A empresa ofereceu um reajuste de 8% nos sal&aacute;rios e 6,27% a mais nos benef&iacute;cios, al&eacute;m de vale-extra de R$ 650 em dezembro e vale-cultura dentro das regras do programa do governo federal.<\/span><\/p>\n<p style=\"text-align: justify;\"><span style=\"font-family: 'Arial','sans-serif'; font-size: small;\">Entre as reivindica&ccedil;&otilde;es da Federa&ccedil;&atilde;o Nacional dos Trabalhadores em Empresas de Correios, Tel&eacute;grafos e Similares (Fentect) est&atilde;o aumento real de 15% e aumento linear de R$ 200, al&eacute;m da entrega de correspond&ecirc;ncias pela manh&atilde; em todo o pa&iacute;s e jornada de seis horas para os atendentes.&nbsp; Na semana passada, alguns sindicatos enviaram uma contraproposta, que n&atilde;o foi aceita pelos Correios.<\/span><\/p>\n<p style=\"text-align: justify;\"><span style=\"font-family: 'Arial','sans-serif'; font-size: small;\">Segundo os Correios, hoje (1&ordm;), 93,35% dos empregados (116.191) est&atilde;o trabalhando normalmente. A empresa informou que vai descontar os dias parados dos trabalhadores que continuam em greve. Na pr&oacute;xima quinta-feira (3) a empresa vai pagar a diferen&ccedil;a do reajuste de 8% referentes aos meses de agosto e setembro para cerca de 40 mil trabalhadores dos sindicatos que assinaram o acordo coletivo de trabalho e n&atilde;o est&atilde;o em greve.<\/span><\/p>\n<p style=\"text-align: justify;\"><span style=\"font-family: 'Arial','sans-serif'; font-size: small;\">A empresa informa que a rede de atendimento est&aacute; aberta em todo Brasil e todos os servi&ccedil;os, inclusive o Sedex e o Banco Postal, est&atilde;o dispon&iacute;veis &#8211; com exce&ccedil;&atilde;o da postagem, entrega e coleta de encomendas com hora marcada nos locais com paralisa&ccedil;&atilde;o deflagrada. Nas cidades de S&atilde;o Paulo, Rio de Janeiro e Bauru\/SP e nos estados do Rio Grande do Norte, de Rond&ocirc;nia, do Amap&aacute; e de Tocantins n&atilde;o h&aacute; paralisa&ccedil;&atilde;o.<\/span><\/p>\n<p style=\"text-align: justify;\"><span style=\"font-family: 'Arial','sans-serif'; font-size: small; mso-fareast-font-family: Calibri; mso-fareast-theme-font: minor-latin; mso-ansi-language: PT-BR; mso-fareast-language: PT-BR; mso-bidi-language: AR-SA;\">A Fentect est&aacute; convocando os trabalhadores para um ato p&uacute;blico na pr&oacute;xima quinta-feira (3) em frente &agrave; sede da empresa, em Bras&iacute;lia. Segundo a entidade, est&aacute; confirmada a vinda de &ocirc;nibus de diversos estados para a mobiliza&ccedil;&atilde;o. Os sindicalistas est&atilde;o sendo convocados para trazer faixas e material de divulga&ccedil;&atilde;o da greve, al&eacute;m de barracas e infraestrutura para permanecer em Bras&iacute;lia pelo menos at&eacute; a pr&oacute;xima semana.<\/span><\/p>\n","protected":false},"excerpt":{"rendered":"<p>EBC01.10.2013 Bras&iacute;lia &#8211; O fim da greve dos Correios poder&aacute; ser determinado na pr&oacute;xima ter&ccedil;a-feira (8), quando est&aacute; marcado o julgamento do diss&iacute;dio no Tribunal Superior do Trabalho (TST). O&hellip;<\/p>\n","protected":false},"author":1,"featured_media":0,"comment_status":"open","ping_status":"open","sticky":false,"template":"","format":"standard","meta":{"_editorskit_title_hidden":false,"_editorskit_reading_time":0,"_editorskit_is_block_options_detached":false,"_editorskit_block_options_position":"{}","footnotes":""},"categories":[3],"tags":[],"aioseo_notices":[],"_links":{"self":[{"href":"https:\/\/adcap.org.br\/index.php\/wp-json\/wp\/v2\/posts\/4575"}],"collection":[{"href":"https:\/\/adcap.org.br\/index.php\/wp-json\/wp\/v2\/posts"}],"about":[{"href":"https:\/\/adcap.org.br\/index.php\/wp-json\/wp\/v2\/types\/post"}],"author":[{"embeddable":true,"href":"https:\/\/adcap.org.br\/index.php\/wp-json\/wp\/v2\/users\/1"}],"replies":[{"embeddable":true,"href":"https:\/\/adcap.org.br\/index.php\/wp-json\/wp\/v2\/comments?post=4575"}],"version-history":[{"count":0,"href":"https:\/\/adcap.org.br\/index.php\/wp-json\/wp\/v2\/posts\/4575\/revisions"}],"wp:attachment":[{"href":"https:\/\/adcap.org.br\/index.php\/wp-json\/wp\/v2\/media?parent=4575"}],"wp:term":[{"taxonomy":"category","embeddable":true,"href":"https:\/\/adcap.org.br\/index.php\/wp-json\/wp\/v2\/categories?post=4575"},{"taxonomy":"post_tag","embeddable":true,"href":"https:\/\/adcap.org.br\/index.php\/wp-json\/wp\/v2\/tags?post=4575"}],"curies":[{"name":"wp","href":"https:\/\/api.w.org\/{rel}","templated":true}]}}