{"id":4314,"date":"2015-08-10T01:34:14","date_gmt":"2015-08-10T01:34:14","guid":{"rendered":"http:\/\/www.adcap.org.br\/v2\/index.php\/correios-promovem-licitacao-para-contratar-servico-de-telefonia-movel\/"},"modified":"2015-08-10T01:34:14","modified_gmt":"2015-08-10T01:34:14","slug":"correios-promovem-licitacao-para-contratar-servico-de-telefonia-movel","status":"publish","type":"post","link":"https:\/\/adcap.org.br\/index.php\/correios-promovem-licitacao-para-contratar-servico-de-telefonia-movel\/","title":{"rendered":"Correios promovem licita\u00e7\u00e3o para contratar servi\u00e7o de telefonia m\u00f3vel"},"content":{"rendered":"<p style=\"text-align: justify;\">&nbsp;<\/p>\n<p style=\"text-align: justify;\">Telesintese<br \/>22 Janeiro 2013<\/p>\n<p style=\"text-align: justify;\">Abertura da disputa est&aacute; marcada para o dia 5 de fevereiro<\/p>\n<p style=\"text-align: justify;\">Os <strong>Correios<\/strong> marcaram para o dia 5 de fevereiro a abertura de licita&ccedil;&atilde;o para contrata&ccedil;&atilde;o de empresa para presta&ccedil;&atilde;o de servi&ccedil;os de telefonia m&oacute;vel pessoal para comunica&ccedil;&atilde;o de voz e dados (acesso &agrave; internet em banda larga 3G), com fornecimento de esta&ccedil;&otilde;es m&oacute;veis em regime de comodato, para serem utilizados em atividades operacionais, em &acirc;mbito nacional.<\/p>\n<p style=\"text-align: justify;\">As empresas interessadas ter&atilde;o prazo at&eacute; &agrave;s 8h30min desse dia para obter o edital e apresentar propostas no endere&ccedil;o <a href=\"http:\/\/www.correios.com.br\/\">http:\/\/www.correios.com.br<\/a> at&eacute; 05\/02\/2013. O in&iacute;cio da disputa de pre&ccedil;os, por meio de preg&atilde;o eletr&ocirc;nico, est&aacute; previsto para as 9h30min.&nbsp; Mais informa&ccedil;&otilde;es podem ser obtidas pelo Fax: (0xx61) 3426-2759\/2509 e telefone: (0xx61) 3426-2772, no hor&aacute;rio de 8h00min &agrave;s 17h30min.<\/p>\n","protected":false},"excerpt":{"rendered":"<p>&nbsp; Telesintese22 Janeiro 2013 Abertura da disputa est&aacute; marcada para o dia 5 de fevereiro Os Correios marcaram para o dia 5 de fevereiro a abertura de licita&ccedil;&atilde;o para contrata&ccedil;&atilde;o&hellip;<\/p>\n","protected":false},"author":1,"featured_media":0,"comment_status":"open","ping_status":"open","sticky":false,"template":"","format":"standard","meta":{"_editorskit_title_hidden":false,"_editorskit_reading_time":0,"_editorskit_is_block_options_detached":false,"_editorskit_block_options_position":"{}","footnotes":""},"categories":[3],"tags":[],"aioseo_notices":[],"_links":{"self":[{"href":"https:\/\/adcap.org.br\/index.php\/wp-json\/wp\/v2\/posts\/4314"}],"collection":[{"href":"https:\/\/adcap.org.br\/index.php\/wp-json\/wp\/v2\/posts"}],"about":[{"href":"https:\/\/adcap.org.br\/index.php\/wp-json\/wp\/v2\/types\/post"}],"author":[{"embeddable":true,"href":"https:\/\/adcap.org.br\/index.php\/wp-json\/wp\/v2\/users\/1"}],"replies":[{"embeddable":true,"href":"https:\/\/adcap.org.br\/index.php\/wp-json\/wp\/v2\/comments?post=4314"}],"version-history":[{"count":0,"href":"https:\/\/adcap.org.br\/index.php\/wp-json\/wp\/v2\/posts\/4314\/revisions"}],"wp:attachment":[{"href":"https:\/\/adcap.org.br\/index.php\/wp-json\/wp\/v2\/media?parent=4314"}],"wp:term":[{"taxonomy":"category","embeddable":true,"href":"https:\/\/adcap.org.br\/index.php\/wp-json\/wp\/v2\/categories?post=4314"},{"taxonomy":"post_tag","embeddable":true,"href":"https:\/\/adcap.org.br\/index.php\/wp-json\/wp\/v2\/tags?post=4314"}],"curies":[{"name":"wp","href":"https:\/\/api.w.org\/{rel}","templated":true}]}}