{"id":21301,"date":"2026-09-04T18:12:41","date_gmt":"2026-09-04T18:12:41","guid":{"rendered":"https:\/\/adcap.org.br\/?p=21301"},"modified":"2026-09-04T18:12:41","modified_gmt":"2026-09-04T18:12:41","slug":"reconhecimento-associada-agradece-atuacao-da-adcap-apos-liberacao-de-declaracao-na-malha-fina","status":"publish","type":"post","link":"https:\/\/adcap.org.br\/index.php\/reconhecimento-associada-agradece-atuacao-da-adcap-apos-liberacao-de-declaracao-na-malha-fina\/","title":{"rendered":"Reconhecimento: Associada agradece atua\u00e7\u00e3o da ADCAP ap\u00f3s libera\u00e7\u00e3o de declara\u00e7\u00e3o na malha fina"},"content":{"rendered":"<p style=\"text-align: center;\"><a href=\"https:\/\/adcap.org.br\/wp-content\/uploads\/028f96e9-6c7a-4944-8177-ace74dadc1ed.png\" data-rel=\"penci-gallery-image-content\" ><img decoding=\"async\" loading=\"lazy\" class=\"aligncenter  wp-image-21303\" src=\"https:\/\/adcap.org.br\/wp-content\/uploads\/028f96e9-6c7a-4944-8177-ace74dadc1ed-1024x1024.png\" alt=\"\" width=\"354\" height=\"354\" srcset=\"https:\/\/adcap.org.br\/wp-content\/uploads\/028f96e9-6c7a-4944-8177-ace74dadc1ed-1024x1024.png 1024w, https:\/\/adcap.org.br\/wp-content\/uploads\/028f96e9-6c7a-4944-8177-ace74dadc1ed-300x300.png 300w, https:\/\/adcap.org.br\/wp-content\/uploads\/028f96e9-6c7a-4944-8177-ace74dadc1ed-150x150.png 150w, https:\/\/adcap.org.br\/wp-content\/uploads\/028f96e9-6c7a-4944-8177-ace74dadc1ed-768x768.png 768w, https:\/\/adcap.org.br\/wp-content\/uploads\/028f96e9-6c7a-4944-8177-ace74dadc1ed-1170x1170.png 1170w, https:\/\/adcap.org.br\/wp-content\/uploads\/028f96e9-6c7a-4944-8177-ace74dadc1ed-585x585.png 585w, https:\/\/adcap.org.br\/wp-content\/uploads\/028f96e9-6c7a-4944-8177-ace74dadc1ed.png 1254w\" sizes=\"(max-width: 354px) 100vw, 354px\" \/><\/a><\/p>\n<p>&nbsp;<\/p>\n<p>Para proteger os associados afetados pela malha fina \u2014 em raz\u00e3o das a\u00e7\u00f5es que questionam o IRPF sobre contribui\u00e7\u00f5es extraordin\u00e1rias \u2014, a ADCAP realizou dois levantamentos e intercedeu diretamente junto \u00e0 Receita Federal para assegurar o cumprimento das decis\u00f5es judiciais.<\/p>\n<p>Esse trabalho \u00e1gil trouxe resultados positivos, motivando o agradecimento da associada Elione, conforme divulgado abaixo. A ADCAP agradece a mensagem de carinho e refor\u00e7a seu compromisso di\u00e1rio em lutar prontamente pelos direitos de toda a categoria.<\/p>\n<p>Mensagem de agradecimento da associada Elione, pelas provid\u00eancias da Associa\u00e7\u00e3o:<\/p>\n<p><em>Prezado, Jorge,\u00a0<\/em><\/p>\n<p><em>Informo que a minha declara\u00e7\u00e3o de renda 2026 foi processada.\u00a0<\/em><\/p>\n<p><em>Agrade\u00e7o imensamente o seu apoio e da Adcap em elucidar a minha situa\u00e7\u00e3o junto \u00e0 Receita Federal!!\u00a0<\/em><\/p>\n<p><em>Abra\u00e7o,\u00a0<\/em><\/p>\n<p><em>Elione Aparecida Feitosa Alves &#8211; Associada<\/em><\/p>\n<div><\/div>\n<div><\/div>\n<div style=\"text-align: right;\"><strong>Dire\u00e7\u00e3o Nacional da ADCAP.<\/strong><\/div>\n<div style=\"text-align: right;\"><strong>#adcap40anos<\/strong><\/div>\n","protected":false},"excerpt":{"rendered":"<p>&nbsp; Para proteger os associados afetados pela malha fina \u2014 em raz\u00e3o das a\u00e7\u00f5es que questionam o IRPF sobre contribui\u00e7\u00f5es extraordin\u00e1rias \u2014, a ADCAP realizou dois levantamentos e intercedeu diretamente&hellip;<\/p>\n","protected":false},"author":1,"featured_media":0,"comment_status":"closed","ping_status":"closed","sticky":false,"template":"","format":"standard","meta":{"_editorskit_title_hidden":false,"_editorskit_reading_time":0,"_editorskit_is_block_options_detached":false,"_editorskit_block_options_position":"{}","footnotes":""},"categories":[5,44],"tags":[],"aioseo_notices":[],"_links":{"self":[{"href":"https:\/\/adcap.org.br\/index.php\/wp-json\/wp\/v2\/posts\/21301"}],"collection":[{"href":"https:\/\/adcap.org.br\/index.php\/wp-json\/wp\/v2\/posts"}],"about":[{"href":"https:\/\/adcap.org.br\/index.php\/wp-json\/wp\/v2\/types\/post"}],"author":[{"embeddable":true,"href":"https:\/\/adcap.org.br\/index.php\/wp-json\/wp\/v2\/users\/1"}],"replies":[{"embeddable":true,"href":"https:\/\/adcap.org.br\/index.php\/wp-json\/wp\/v2\/comments?post=21301"}],"version-history":[{"count":2,"href":"https:\/\/adcap.org.br\/index.php\/wp-json\/wp\/v2\/posts\/21301\/revisions"}],"predecessor-version":[{"id":21304,"href":"https:\/\/adcap.org.br\/index.php\/wp-json\/wp\/v2\/posts\/21301\/revisions\/21304"}],"wp:attachment":[{"href":"https:\/\/adcap.org.br\/index.php\/wp-json\/wp\/v2\/media?parent=21301"}],"wp:term":[{"taxonomy":"category","embeddable":true,"href":"https:\/\/adcap.org.br\/index.php\/wp-json\/wp\/v2\/categories?post=21301"},{"taxonomy":"post_tag","embeddable":true,"href":"https:\/\/adcap.org.br\/index.php\/wp-json\/wp\/v2\/tags?post=21301"}],"curies":[{"name":"wp","href":"https:\/\/api.w.org\/{rel}","templated":true}]}}