{"id":21297,"date":"2026-09-04T16:46:16","date_gmt":"2026-09-04T16:46:16","guid":{"rendered":"https:\/\/adcap.org.br\/?p=21297"},"modified":"2026-09-04T16:46:16","modified_gmt":"2026-09-04T16:46:16","slug":"encontro-com-associados-da-adcap-mt","status":"publish","type":"post","link":"https:\/\/adcap.org.br\/index.php\/encontro-com-associados-da-adcap-mt\/","title":{"rendered":"Encontro com Associados da ADCAP\/ MT"},"content":{"rendered":"<p style=\"text-align: center;\"><a href=\"https:\/\/adcap.org.br\/wp-content\/uploads\/WhatsApp-Image-2026-09-04-at-11.29.37.jpeg\" data-rel=\"penci-gallery-image-content\" ><img decoding=\"async\" loading=\"lazy\" class=\"aligncenter size-large wp-image-21299\" src=\"https:\/\/adcap.org.br\/wp-content\/uploads\/WhatsApp-Image-2026-09-04-at-11.29.37-1024x562.jpeg\" alt=\"\" width=\"1024\" height=\"562\" srcset=\"https:\/\/adcap.org.br\/wp-content\/uploads\/WhatsApp-Image-2026-09-04-at-11.29.37-1024x562.jpeg 1024w, https:\/\/adcap.org.br\/wp-content\/uploads\/WhatsApp-Image-2026-09-04-at-11.29.37-300x165.jpeg 300w, https:\/\/adcap.org.br\/wp-content\/uploads\/WhatsApp-Image-2026-09-04-at-11.29.37-768x421.jpeg 768w, https:\/\/adcap.org.br\/wp-content\/uploads\/WhatsApp-Image-2026-09-04-at-11.29.37-1170x642.jpeg 1170w, https:\/\/adcap.org.br\/wp-content\/uploads\/WhatsApp-Image-2026-09-04-at-11.29.37-585x321.jpeg 585w, https:\/\/adcap.org.br\/wp-content\/uploads\/WhatsApp-Image-2026-09-04-at-11.29.37.jpeg 1482w\" sizes=\"(max-width: 1024px) 100vw, 1024px\" \/><\/a><\/p>\n<p>&nbsp;<\/p>\n<p>No dia 29 de agosto foi realizado o 1\u00ba Encontro com Associados de Mato Grosso.<\/p>\n<p>A Presidente do n\u00facleo Eliene Neves fez a abertura da reuni\u00e3o dando boas-vindas aos participantes.<\/p>\n<p>O evento contou com a presen\u00e7a da Diretora de Rela\u00e7\u00f5es Funcionais da ADCAP Nacional, senhora Mirta Maria Gomez Uliana que fez uma apresenta\u00e7\u00e3o geral da ADCAP, destacando o porqu\u00ea da exist\u00eancia da Associa\u00e7\u00e3o, sua Miss\u00e3o, Vis\u00e3o, Valores e Governan\u00e7a. Falou sobre os principais projetos da ADCAP e sobre os 40 Anos da Associa\u00e7\u00e3o.<\/p>\n<p>O Conselheiro eleito do Postalis, F\u00e1bio Conde, fez uma importante explana\u00e7\u00e3o sobre o Postalis, destacando o que est\u00e1 mudando e o que precisamos acompanhar. Em sua apresenta\u00e7\u00e3o, F\u00e1bio Conde falou sobre: Retrato atual do Postalis, Novo plano CD e migra\u00e7\u00e3o, Equacionamento e responsabilidade, RTSA e recupera\u00e7\u00e3o de valores, BNY Mellon e mobiliza\u00e7\u00e3o, Governan\u00e7a e Representantes eleitos e sobre as prioridades para os pr\u00f3ximos anos.<\/p>\n<p>O Presidente da ADCAP Nacional, Roberval Borges Correa conversou com os colegas atrav\u00e9s de link on line, com proje\u00e7\u00e3o em tela.<\/p>\n<p>A Presidente do N\u00facleo, Eliene Neves encerrou a reuni\u00e3o agradecendo a participa\u00e7\u00e3o de todos e falou sobre os projetos em andamento para o fortalecimento do N\u00facleo da ADCAP\/MT.<\/p>\n<p>Ao final foi oferecido um saboroso rod\u00edzio de pizza, sendo um precioso momento de integra\u00e7\u00e3o entre os participantes.<\/p>\n<p>O evento teve uma \u00f3tima repercuss\u00e3o entre os associados, que teceram elogios, e pediram que sejam promovidos mais eventos dessa natureza.<\/p>\n<p>&nbsp;<\/p>\n<p>Jutos somos mais Fortes!!<\/p>\n<div><\/div>\n<div style=\"text-align: right;\"><strong>ADCAP MT<\/strong><\/div>\n<div style=\"text-align: right;\"><strong>#adcap40anos<\/strong><\/div>\n","protected":false},"excerpt":{"rendered":"<p>&nbsp; No dia 29 de agosto foi realizado o 1\u00ba Encontro com Associados de Mato Grosso. A Presidente do n\u00facleo Eliene Neves fez a abertura da reuni\u00e3o dando boas-vindas aos&hellip;<\/p>\n","protected":false},"author":1,"featured_media":0,"comment_status":"closed","ping_status":"closed","sticky":false,"template":"","format":"standard","meta":{"_editorskit_title_hidden":false,"_editorskit_reading_time":0,"_editorskit_is_block_options_detached":false,"_editorskit_block_options_position":"{}","footnotes":""},"categories":[5,44],"tags":[],"aioseo_notices":[],"_links":{"self":[{"href":"https:\/\/adcap.org.br\/index.php\/wp-json\/wp\/v2\/posts\/21297"}],"collection":[{"href":"https:\/\/adcap.org.br\/index.php\/wp-json\/wp\/v2\/posts"}],"about":[{"href":"https:\/\/adcap.org.br\/index.php\/wp-json\/wp\/v2\/types\/post"}],"author":[{"embeddable":true,"href":"https:\/\/adcap.org.br\/index.php\/wp-json\/wp\/v2\/users\/1"}],"replies":[{"embeddable":true,"href":"https:\/\/adcap.org.br\/index.php\/wp-json\/wp\/v2\/comments?post=21297"}],"version-history":[{"count":2,"href":"https:\/\/adcap.org.br\/index.php\/wp-json\/wp\/v2\/posts\/21297\/revisions"}],"predecessor-version":[{"id":21300,"href":"https:\/\/adcap.org.br\/index.php\/wp-json\/wp\/v2\/posts\/21297\/revisions\/21300"}],"wp:attachment":[{"href":"https:\/\/adcap.org.br\/index.php\/wp-json\/wp\/v2\/media?parent=21297"}],"wp:term":[{"taxonomy":"category","embeddable":true,"href":"https:\/\/adcap.org.br\/index.php\/wp-json\/wp\/v2\/categories?post=21297"},{"taxonomy":"post_tag","embeddable":true,"href":"https:\/\/adcap.org.br\/index.php\/wp-json\/wp\/v2\/tags?post=21297"}],"curies":[{"name":"wp","href":"https:\/\/api.w.org\/{rel}","templated":true}]}}