{"id":21290,"date":"2026-09-03T17:13:35","date_gmt":"2026-09-03T17:13:35","guid":{"rendered":"https:\/\/adcap.org.br\/?p=21290"},"modified":"2026-09-03T17:13:35","modified_gmt":"2026-09-03T17:13:35","slug":"adcap-se-reune-com-ministro-do-tcu-para-tratar-da-universalizacao-postal-e-do-postalis","status":"publish","type":"post","link":"https:\/\/adcap.org.br\/index.php\/adcap-se-reune-com-ministro-do-tcu-para-tratar-da-universalizacao-postal-e-do-postalis\/","title":{"rendered":"ADCAP se re\u00fane com Ministro do TCU para tratar da Universaliza\u00e7\u00e3o Postal e do Postalis"},"content":{"rendered":"<p style=\"text-align: center;\"><a href=\"https:\/\/adcap.org.br\/wp-content\/uploads\/WhatsApp-Image-2026-09-03-at-13.28.01.jpeg\" data-rel=\"penci-gallery-image-content\" ><img decoding=\"async\" loading=\"lazy\" class=\"aligncenter  wp-image-21292\" src=\"https:\/\/adcap.org.br\/wp-content\/uploads\/WhatsApp-Image-2026-09-03-at-13.28.01-884x1024.jpeg\" alt=\"\" width=\"515\" height=\"597\" srcset=\"https:\/\/adcap.org.br\/wp-content\/uploads\/WhatsApp-Image-2026-09-03-at-13.28.01-884x1024.jpeg 884w, https:\/\/adcap.org.br\/wp-content\/uploads\/WhatsApp-Image-2026-09-03-at-13.28.01-259x300.jpeg 259w, https:\/\/adcap.org.br\/wp-content\/uploads\/WhatsApp-Image-2026-09-03-at-13.28.01-768x890.jpeg 768w, https:\/\/adcap.org.br\/wp-content\/uploads\/WhatsApp-Image-2026-09-03-at-13.28.01-585x678.jpeg 585w, https:\/\/adcap.org.br\/wp-content\/uploads\/WhatsApp-Image-2026-09-03-at-13.28.01.jpeg 1033w\" sizes=\"(max-width: 515px) 100vw, 515px\" \/><\/a><\/p>\n<p>&nbsp;<\/p>\n<p>A ADCAP Nacional reuniu-se, ontem, 02\/09, com Marcos Bemquerer Costa &#8211; Ministro do Tribunal de Contas da Uni\u00e3o (TCU) , para tratar de temas de grande relev\u00e2ncia para os empregados, aposentados e pensionistas dos Correios e para toda a sociedade brasileira. Participaram da reuni\u00e3o, Roberval Borges Correa &#8211; Presidente da ADCAP Nacional e Rogiero Victor de Andrade \u2013 Secret\u00e1rio Geral da entidade.<\/p>\n<p>Durante o encontro, foi falado sobre o financiamento dos servi\u00e7os postais universais, objeto de recente Ac\u00f3rd\u00e3o do TCU, reafirmando a import\u00e2ncia da manuten\u00e7\u00e3o de um servi\u00e7o postal acess\u00edvel e de qualidade em todas as regi\u00f5es do pa\u00eds, especialmente nas localidades em que a presta\u00e7\u00e3o dos servi\u00e7os n\u00e3o \u00e9 economicamente atrativa, mas permanece socialmente indispens\u00e1vel.<\/p>\n<p>Tamb\u00e9m foram tratadas as an\u00e1lises e as Tomadas de Contas Especiais conduzidas pelo TCU envolvendo a atua\u00e7\u00e3o do BNY Mellon e seus reflexos sobre o Postalis. A ADCAP destacou a necessidade de rigor na apura\u00e7\u00e3o das responsabilidades e de prote\u00e7\u00e3o aos interesses dos participantes e assistidos do plano de previd\u00eancia complementar dos trabalhadores dos Correios.<\/p>\n<p>A reuni\u00e3o integra as a\u00e7\u00f5es institucionais desenvolvidas pela ADCAP Nacional na defesa dos Correios, da universaliza\u00e7\u00e3o dos servi\u00e7os postais e dos direitos de seus associados, participantes e assistidos do Postalis.<\/p>\n<p>A ADCAP agradece ao ministro Marcos Bemquerer Costa pela aten\u00e7\u00e3o, receptividade e disposi\u00e7\u00e3o para o di\u00e1logo sobre assuntos de tamanha import\u00e2ncia institucional, econ\u00f4mica e social.<\/p>\n<div><\/div>\n<div><\/div>\n<div style=\"text-align: right;\"><strong>Dire\u00e7\u00e3o Nacional da ADCAP.<\/strong><\/div>\n<div style=\"text-align: right;\"><strong>#adcap40anos<\/strong><\/div>\n","protected":false},"excerpt":{"rendered":"<p>&nbsp; A ADCAP Nacional reuniu-se, ontem, 02\/09, com Marcos Bemquerer Costa &#8211; Ministro do Tribunal de Contas da Uni\u00e3o (TCU) , para tratar de temas de grande relev\u00e2ncia para os&hellip;<\/p>\n","protected":false},"author":1,"featured_media":0,"comment_status":"closed","ping_status":"closed","sticky":false,"template":"","format":"standard","meta":{"_editorskit_title_hidden":false,"_editorskit_reading_time":0,"_editorskit_is_block_options_detached":false,"_editorskit_block_options_position":"{}","footnotes":""},"categories":[5,44],"tags":[],"aioseo_notices":[],"_links":{"self":[{"href":"https:\/\/adcap.org.br\/index.php\/wp-json\/wp\/v2\/posts\/21290"}],"collection":[{"href":"https:\/\/adcap.org.br\/index.php\/wp-json\/wp\/v2\/posts"}],"about":[{"href":"https:\/\/adcap.org.br\/index.php\/wp-json\/wp\/v2\/types\/post"}],"author":[{"embeddable":true,"href":"https:\/\/adcap.org.br\/index.php\/wp-json\/wp\/v2\/users\/1"}],"replies":[{"embeddable":true,"href":"https:\/\/adcap.org.br\/index.php\/wp-json\/wp\/v2\/comments?post=21290"}],"version-history":[{"count":2,"href":"https:\/\/adcap.org.br\/index.php\/wp-json\/wp\/v2\/posts\/21290\/revisions"}],"predecessor-version":[{"id":21293,"href":"https:\/\/adcap.org.br\/index.php\/wp-json\/wp\/v2\/posts\/21290\/revisions\/21293"}],"wp:attachment":[{"href":"https:\/\/adcap.org.br\/index.php\/wp-json\/wp\/v2\/media?parent=21290"}],"wp:term":[{"taxonomy":"category","embeddable":true,"href":"https:\/\/adcap.org.br\/index.php\/wp-json\/wp\/v2\/categories?post=21290"},{"taxonomy":"post_tag","embeddable":true,"href":"https:\/\/adcap.org.br\/index.php\/wp-json\/wp\/v2\/tags?post=21290"}],"curies":[{"name":"wp","href":"https:\/\/api.w.org\/{rel}","templated":true}]}}