{"id":21280,"date":"2026-09-01T14:40:04","date_gmt":"2026-09-01T14:40:04","guid":{"rendered":"https:\/\/adcap.org.br\/?p=21280"},"modified":"2026-09-01T14:40:04","modified_gmt":"2026-09-01T14:40:04","slug":"conselho-nacional-da-adcap-se-reune-com-diretoria-da-postal-saude","status":"publish","type":"post","link":"https:\/\/adcap.org.br\/index.php\/conselho-nacional-da-adcap-se-reune-com-diretoria-da-postal-saude\/","title":{"rendered":"Conselho Nacional da ADCAP se re\u00fane com Diretoria da Postal Sa\u00fade"},"content":{"rendered":"<p style=\"text-align: center;\"><a href=\"https:\/\/adcap.org.br\/wp-content\/uploads\/WhatsApp-Image-2026-09-01-at-09.37.09.jpeg\" data-rel=\"penci-gallery-image-content\" ><img decoding=\"async\" loading=\"lazy\" class=\"aligncenter  wp-image-21282\" src=\"https:\/\/adcap.org.br\/wp-content\/uploads\/WhatsApp-Image-2026-09-01-at-09.37.09-1024x834.jpeg\" alt=\"\" width=\"493\" height=\"401\" srcset=\"https:\/\/adcap.org.br\/wp-content\/uploads\/WhatsApp-Image-2026-09-01-at-09.37.09-1024x834.jpeg 1024w, https:\/\/adcap.org.br\/wp-content\/uploads\/WhatsApp-Image-2026-09-01-at-09.37.09-300x244.jpeg 300w, https:\/\/adcap.org.br\/wp-content\/uploads\/WhatsApp-Image-2026-09-01-at-09.37.09-768x626.jpeg 768w, https:\/\/adcap.org.br\/wp-content\/uploads\/WhatsApp-Image-2026-09-01-at-09.37.09-1170x953.jpeg 1170w, https:\/\/adcap.org.br\/wp-content\/uploads\/WhatsApp-Image-2026-09-01-at-09.37.09-585x477.jpeg 585w, https:\/\/adcap.org.br\/wp-content\/uploads\/WhatsApp-Image-2026-09-01-at-09.37.09.jpeg 1237w\" sizes=\"(max-width: 493px) 100vw, 493px\" \/><\/a><\/p>\n<p>&nbsp;<\/p>\n<p>Ontem, 31\/08\/2026, ocorreu reuni\u00e3o da Diretoria Nacional da ADCAP e dos Presidentes de N\u00facleos com a Diretoria de Rela\u00e7\u00f5es da Postal Sa\u00fade.<\/p>\n<p>Pela Postal Sa\u00fade participaram o Diretor Fagner Jose Rodrigues, as Coordenadoras Pryscila Fernandes, Celia Vieira da Silva e Manuella Peixoto Fernandes da Rocha. Pela ADCAP, Presidentes de N\u00facleos e Diretores da Nacional.<\/p>\n<p>A reuni\u00e3o teve como objetivos conhecer informa\u00e7\u00f5es atualizadas sobre as atividades da Postal Sa\u00fade, em especial sobre: a) compartilhamento de redes; b) Plano fam\u00edlia; c) pagamento das mensalidades pelos aposentados.<\/p>\n<p>A reuni\u00e3o foi dividida em dois blocos. A primeira com breve exposi\u00e7\u00e3o por parte da equipe da Postal Sa\u00fade e a segunda com perguntas por parte dos representantes da ADCAP.<\/p>\n<p>A Postal Sa\u00fade esclareceu, que est\u00e1 empenhada em garantir o melhor atendimento aos participantes e no equacionamento dos custos da operadora. Est\u00e1 empenhada em melhorar os canais de comunica\u00e7\u00e3o com os participantes. Est\u00e1 empenhada em ofertar novos produtos que atendam as expectativas dos participantes atuais e daqueles que desejem ingressar na Postal Sa\u00fade.<\/p>\n<p>Anunciou que o Plano Fam\u00edlia, que permite a participa\u00e7\u00e3o de filhos maiores de 21 anos, pais e dependentes dos trabalhadores e aposentados dos Correios, est\u00e1 apto a operar em quase todo Pa\u00eds, faltando apenas 6 estados. Que quem estiver interessado pode manter contato com os canais de comunica\u00e7\u00e3o da Postal Sa\u00fade para maiores informa\u00e7\u00f5es.<\/p>\n<p>Quanto ao compartilhamento de redes com operadoras de mercado como Amil, UNIMED e outras o objetivo \u00e9 garantir a estabilidade da rede de atendimento e reduzir custos. Que esse processo est\u00e1 em fase de adapta\u00e7\u00e3o em especial nos estados do Rio de Janeiro (pioneiro) e RS, e em fase de expans\u00e3o para outras regi\u00f5es do Pa\u00eds e que os participantes ser\u00e3o orientados na forma correta de utiliza\u00e7\u00e3o.<\/p>\n<p>Quanto as altera\u00e7\u00f5es na emiss\u00e3o dos boletos, esclareceu que as mudan\u00e7as decorreram de ajustes nos sistemas da Postal Sa\u00fade, que o banco arrecadador permanece o Banco do Brasil e que os pagamentos continuam sendo poss\u00edveis at\u00e9 o \u00faltimo dia \u00fatil do m\u00eas sem incid\u00eancia de multas e juros.<\/p>\n<p>Por fim, foi ajustado na reuni\u00e3o, a realiza\u00e7\u00e3o em breve de reuni\u00f5es presenciais nas cidades do Rio de Janeiro e Porto Alegre, para que os associados recebam diretamente informa\u00e7\u00f5es da administra\u00e7\u00e3o da Postal Sa\u00fade e possam esclarecer d\u00favidas e em sequ\u00eancia em outras cidades definidas em comum acordo.<\/p>\n<div><\/div>\n<div><\/div>\n<div style=\"text-align: right;\"><strong>Dire\u00e7\u00e3o Nacional da ADCAP.<\/strong><\/div>\n<div style=\"text-align: right;\"><strong>#adcap40anos<\/strong><\/div>\n","protected":false},"excerpt":{"rendered":"<p>&nbsp; Ontem, 31\/08\/2026, ocorreu reuni\u00e3o da Diretoria Nacional da ADCAP e dos Presidentes de N\u00facleos com a Diretoria de Rela\u00e7\u00f5es da Postal Sa\u00fade. Pela Postal Sa\u00fade participaram o Diretor Fagner&hellip;<\/p>\n","protected":false},"author":1,"featured_media":0,"comment_status":"closed","ping_status":"closed","sticky":false,"template":"","format":"standard","meta":{"_editorskit_title_hidden":false,"_editorskit_reading_time":0,"_editorskit_is_block_options_detached":false,"_editorskit_block_options_position":"{}","footnotes":""},"categories":[5,44],"tags":[],"aioseo_notices":[],"_links":{"self":[{"href":"https:\/\/adcap.org.br\/index.php\/wp-json\/wp\/v2\/posts\/21280"}],"collection":[{"href":"https:\/\/adcap.org.br\/index.php\/wp-json\/wp\/v2\/posts"}],"about":[{"href":"https:\/\/adcap.org.br\/index.php\/wp-json\/wp\/v2\/types\/post"}],"author":[{"embeddable":true,"href":"https:\/\/adcap.org.br\/index.php\/wp-json\/wp\/v2\/users\/1"}],"replies":[{"embeddable":true,"href":"https:\/\/adcap.org.br\/index.php\/wp-json\/wp\/v2\/comments?post=21280"}],"version-history":[{"count":2,"href":"https:\/\/adcap.org.br\/index.php\/wp-json\/wp\/v2\/posts\/21280\/revisions"}],"predecessor-version":[{"id":21283,"href":"https:\/\/adcap.org.br\/index.php\/wp-json\/wp\/v2\/posts\/21280\/revisions\/21283"}],"wp:attachment":[{"href":"https:\/\/adcap.org.br\/index.php\/wp-json\/wp\/v2\/media?parent=21280"}],"wp:term":[{"taxonomy":"category","embeddable":true,"href":"https:\/\/adcap.org.br\/index.php\/wp-json\/wp\/v2\/categories?post=21280"},{"taxonomy":"post_tag","embeddable":true,"href":"https:\/\/adcap.org.br\/index.php\/wp-json\/wp\/v2\/tags?post=21280"}],"curies":[{"name":"wp","href":"https:\/\/api.w.org\/{rel}","templated":true}]}}