{"id":20949,"date":"2026-04-30T18:43:20","date_gmt":"2026-04-30T18:43:20","guid":{"rendered":"https:\/\/adcap.org.br\/?p=20949"},"modified":"2026-04-30T18:45:37","modified_gmt":"2026-04-30T18:45:37","slug":"a-adcap-parabeniza-a-todos-os-trabalhadoresas-pelo-seu-dia","status":"publish","type":"post","link":"https:\/\/adcap.org.br\/index.php\/a-adcap-parabeniza-a-todos-os-trabalhadoresas-pelo-seu-dia\/","title":{"rendered":"A ADCAP parabeniza a todos os trabalhadores(as) pelo seu dia!"},"content":{"rendered":"\r\n<p>&nbsp;<\/p>\r\n\r\n\r\n<div class=\"wp-block-image\">\r\n<figure class=\"aligncenter size-large is-resized\"><img decoding=\"async\" loading=\"lazy\" width=\"819\" height=\"1024\" class=\"wp-image-20950\" style=\"aspect-ratio: 0.8; width: 563px; height: auto;\" src=\"https:\/\/adcap.org.br\/wp-content\/uploads\/WhatsApp-Image-2026-04-30-at-14.41.32-819x1024.jpeg\" alt=\"\" srcset=\"https:\/\/adcap.org.br\/wp-content\/uploads\/WhatsApp-Image-2026-04-30-at-14.41.32-819x1024.jpeg 819w, https:\/\/adcap.org.br\/wp-content\/uploads\/WhatsApp-Image-2026-04-30-at-14.41.32-240x300.jpeg 240w, https:\/\/adcap.org.br\/wp-content\/uploads\/WhatsApp-Image-2026-04-30-at-14.41.32-768x960.jpeg 768w, https:\/\/adcap.org.br\/wp-content\/uploads\/WhatsApp-Image-2026-04-30-at-14.41.32-1229x1536.jpeg 1229w, https:\/\/adcap.org.br\/wp-content\/uploads\/WhatsApp-Image-2026-04-30-at-14.41.32-1170x1463.jpeg 1170w, https:\/\/adcap.org.br\/wp-content\/uploads\/WhatsApp-Image-2026-04-30-at-14.41.32-585x731.jpeg 585w, https:\/\/adcap.org.br\/wp-content\/uploads\/WhatsApp-Image-2026-04-30-at-14.41.32.jpeg 1280w\" sizes=\"(max-width: 819px) 100vw, 819px\" \/><\/figure><\/div>\r\n\r\n\r\n<p>&nbsp;<\/p>\r\n\r\n\r\n\r\n<p style=\"text-align: center;\">Ol\u00e1 Colegas, &#x1faf1;&#x1f3fb;&#x200d;&#x1faf2;&#x1f3fc;&#x1f4ee;&#x2709;&#xfe0f;&#x1faf1;&#x1f3fb;&#x200d;&#x1faf2;&#x1f3fc;<\/p>\r\n<p style=\"text-align: center;\">Os desafios nos ambientes profissionais atuais s\u00e3o diversos. Mas \u00e9 a uni\u00e3o, a representatividade e a defesa<\/p>\r\n\r\n\r\n\r\n<p style=\"text-align: center;\">firme dos direitos dos(as) trabalhadores(as) que nos fortalecem.<\/p>\r\n\r\n\r\n\r\n<p style=\"text-align: center;\">Admiramos a dedica\u00e7\u00e3o, compet\u00eancia e compromisso que todo(a)s constroem diariamente, a hist\u00f3ria e a for\u00e7a<\/p>\r\n\r\n\r\n\r\n<p style=\"text-align: center;\">da nossa categoria: a do(a)s Profissionais dos Correios!<\/p>\r\n\r\n\r\n\r\n<p style=\"text-align: center;\">Que este dia seja tamb\u00e9m um momento de reflex\u00e3o sobre a import\u00e2ncia de estarmos juntos, atentos e atuantes na<\/p>\r\n\r\n\r\n\r\n<p style=\"text-align: center;\">defesa dos interesses de todos, independente de cargo, fun\u00e7\u00e3o ou atribui\u00e7\u00e3o.<\/p>\r\n\r\n\r\n\r\n<p style=\"text-align: center;\">A ADCAP parabeniza a todos os trabalhadores(as) e reafirma seu compromisso com cada associado(a).<\/p>\r\n\r\n\r\n\r\n<p style=\"text-align: center;\"><br \/><strong>Dire\u00e7\u00e3o Nacional da ADCAP.<\/strong><\/p>\r\n","protected":false},"excerpt":{"rendered":"<p>&nbsp; &nbsp; Ol\u00e1 Colegas, &#x1faf1;&#x1f3fb;&#x200d;&#x1faf2;&#x1f3fc;&#x1f4ee;&#x2709;&#xfe0f;&#x1faf1;&#x1f3fb;&#x200d;&#x1faf2;&#x1f3fc; Os desafios nos ambientes profissionais atuais s\u00e3o diversos. Mas \u00e9 a uni\u00e3o, a representatividade e a defesa firme dos direitos dos(as) trabalhadores(as) que nos fortalecem.&hellip;<\/p>\n","protected":false},"author":1,"featured_media":0,"comment_status":"closed","ping_status":"closed","sticky":false,"template":"","format":"standard","meta":{"_editorskit_title_hidden":false,"_editorskit_reading_time":0,"_editorskit_is_block_options_detached":false,"_editorskit_block_options_position":"{}","footnotes":""},"categories":[5,44],"tags":[],"aioseo_notices":[],"_links":{"self":[{"href":"https:\/\/adcap.org.br\/index.php\/wp-json\/wp\/v2\/posts\/20949"}],"collection":[{"href":"https:\/\/adcap.org.br\/index.php\/wp-json\/wp\/v2\/posts"}],"about":[{"href":"https:\/\/adcap.org.br\/index.php\/wp-json\/wp\/v2\/types\/post"}],"author":[{"embeddable":true,"href":"https:\/\/adcap.org.br\/index.php\/wp-json\/wp\/v2\/users\/1"}],"replies":[{"embeddable":true,"href":"https:\/\/adcap.org.br\/index.php\/wp-json\/wp\/v2\/comments?post=20949"}],"version-history":[{"count":2,"href":"https:\/\/adcap.org.br\/index.php\/wp-json\/wp\/v2\/posts\/20949\/revisions"}],"predecessor-version":[{"id":20952,"href":"https:\/\/adcap.org.br\/index.php\/wp-json\/wp\/v2\/posts\/20949\/revisions\/20952"}],"wp:attachment":[{"href":"https:\/\/adcap.org.br\/index.php\/wp-json\/wp\/v2\/media?parent=20949"}],"wp:term":[{"taxonomy":"category","embeddable":true,"href":"https:\/\/adcap.org.br\/index.php\/wp-json\/wp\/v2\/categories?post=20949"},{"taxonomy":"post_tag","embeddable":true,"href":"https:\/\/adcap.org.br\/index.php\/wp-json\/wp\/v2\/tags?post=20949"}],"curies":[{"name":"wp","href":"https:\/\/api.w.org\/{rel}","templated":true}]}}