{"id":20243,"date":"2025-06-11T18:09:03","date_gmt":"2025-06-11T18:09:03","guid":{"rendered":"https:\/\/adcap.org.br\/?p=20243"},"modified":"2025-06-11T18:09:03","modified_gmt":"2025-06-11T18:09:03","slug":"comissao-do-trabalho-da-camara-federal-discute-crise-dos-correios-e-efeitos-sobre-os-trabalhadores","status":"publish","type":"post","link":"https:\/\/adcap.org.br\/index.php\/comissao-do-trabalho-da-camara-federal-discute-crise-dos-correios-e-efeitos-sobre-os-trabalhadores\/","title":{"rendered":"Comiss\u00e3o do Trabalho da C\u00e2mara Federal discute crise dos Correios e efeitos sobre os trabalhadores"},"content":{"rendered":"\r\n<p>Ontem,10\/06, a Comiss\u00e3o do Trabalho discutiu a crise vivida pelos Correios, suas causas e efeitos sobre os trabalhadores.<\/p>\r\n\r\n\r\n\r\n<p>Participaram defendendo os trabalhadores o Presidente da ADCAP &#8211; Roberval Borges Corr\u00eaa, o Presidente da FINDECT &#8211; Jose Aparecido Gandara e o Presidente da APECT &#8211; Muriel Carvalho Garcia.<\/p>\r\n\r\n\r\n\r\n<p>Os trabalhos da audi\u00eancia foram conduzidos pelo Deputado Federal &#8211; Luiz Carlos Motta.<\/p>\r\n\r\n\r\n\r\n<p>Destacamos a manifesta\u00e7\u00e3o do ex-vice-Presidente da ADCAP &#8211; Marcos C\u00e9sar Alves Silva, que resumiu a percep\u00e7\u00e3o dos trabalhadores com rela\u00e7\u00e3o ao quadro atual dos Correios, que pode ser lida no link: <a href=\"https:\/\/adcap.org.br\/wp-content\/uploads\/Audiencia100625.pdf\">https:\/\/adcap.org.br\/wp-content\/uploads\/Audiencia100625.pdf<\/a><\/p>\r\n\r\n\r\n\r\n<p>&#x27a1;&#xfe0f; Quem n\u00e3o teve oportunidade de assistir pode ver aqui: <a href=\"https:\/\/www.camara.leg.br\/evento-legislativo\/76714\">https:\/\/www.camara.leg.br\/evento-legislativo\/76714<\/a><\/p>\r\n<p>&nbsp;<\/p>\r\n\r\n\r\n\r\n<p style=\"text-align: right;\"><strong>Dire\u00e7\u00e3o Nacional da ADCAP.<\/strong><\/p>\r\n","protected":false},"excerpt":{"rendered":"<p>Ontem,10\/06, a Comiss\u00e3o do Trabalho discutiu a crise vivida pelos Correios, suas causas e efeitos sobre os trabalhadores. Participaram defendendo os trabalhadores o Presidente da ADCAP &#8211; Roberval Borges Corr\u00eaa,&hellip;<\/p>\n","protected":false},"author":1,"featured_media":0,"comment_status":"closed","ping_status":"closed","sticky":false,"template":"","format":"standard","meta":{"_editorskit_title_hidden":false,"_editorskit_reading_time":0,"_editorskit_is_block_options_detached":false,"_editorskit_block_options_position":"{}","footnotes":""},"categories":[5,44],"tags":[],"aioseo_notices":[],"_links":{"self":[{"href":"https:\/\/adcap.org.br\/index.php\/wp-json\/wp\/v2\/posts\/20243"}],"collection":[{"href":"https:\/\/adcap.org.br\/index.php\/wp-json\/wp\/v2\/posts"}],"about":[{"href":"https:\/\/adcap.org.br\/index.php\/wp-json\/wp\/v2\/types\/post"}],"author":[{"embeddable":true,"href":"https:\/\/adcap.org.br\/index.php\/wp-json\/wp\/v2\/users\/1"}],"replies":[{"embeddable":true,"href":"https:\/\/adcap.org.br\/index.php\/wp-json\/wp\/v2\/comments?post=20243"}],"version-history":[{"count":2,"href":"https:\/\/adcap.org.br\/index.php\/wp-json\/wp\/v2\/posts\/20243\/revisions"}],"predecessor-version":[{"id":20245,"href":"https:\/\/adcap.org.br\/index.php\/wp-json\/wp\/v2\/posts\/20243\/revisions\/20245"}],"wp:attachment":[{"href":"https:\/\/adcap.org.br\/index.php\/wp-json\/wp\/v2\/media?parent=20243"}],"wp:term":[{"taxonomy":"category","embeddable":true,"href":"https:\/\/adcap.org.br\/index.php\/wp-json\/wp\/v2\/categories?post=20243"},{"taxonomy":"post_tag","embeddable":true,"href":"https:\/\/adcap.org.br\/index.php\/wp-json\/wp\/v2\/tags?post=20243"}],"curies":[{"name":"wp","href":"https:\/\/api.w.org\/{rel}","templated":true}]}}