{"id":20087,"date":"2025-05-02T14:42:04","date_gmt":"2025-05-02T14:42:04","guid":{"rendered":"https:\/\/adcap.org.br\/?p=20087"},"modified":"2025-05-02T14:42:04","modified_gmt":"2025-05-02T14:42:04","slug":"revisao-de-aposentadoria-tese-revisao-da-vida-toda","status":"publish","type":"post","link":"https:\/\/adcap.org.br\/index.php\/revisao-de-aposentadoria-tese-revisao-da-vida-toda\/","title":{"rendered":"Revis\u00e3o de Aposentadoria &#8211; Tese Revis\u00e3o da Vida Toda"},"content":{"rendered":"\r\n<p style=\"text-align: center;\"><em>Tendo em vista a decis\u00e3o do STF em abril de 2025, esclarecemos aos associados da ADCAP sobre Revis\u00e3o da Aposentadoria denominada: Revis\u00e3o da Vida Toda<br \/><br \/><\/em><\/p>\r\n\r\n\r\n\r\n<p style=\"text-align: right;\">N\u00ba 260 &#8211; 02\/05\/2025<br \/><br \/><\/p>\r\n\r\n\r\n\r\n<p style=\"text-align: justify;\">A Revis\u00e3o da Vida Toda foi uma tese jur\u00eddica que possibilitava recalcular o benef\u00edcio da aposentadoria do INSS acrescentando todos os valores de contribui\u00e7\u00e3o ao per\u00edodo ao longo da vida ativa do trabalhador. Considerando que reforma previdenci\u00e1ria de 1998 limitou os c\u00e1lculos \u00e0s contribui\u00e7\u00f5es ap\u00f3s 1994, a tese jur\u00eddica beneficiava quem havia contribu\u00eddo com maiores sal\u00e1rios antes de julho de 1994.<\/p>\r\n\r\n\r\n\r\n<p style=\"text-align: justify;\">Em 2019, o STJ aprovou e pacificou a possibilidade de aplica\u00e7\u00e3o da revis\u00e3o da Vida Toda de forma un\u00e2nime, garantindo aos Segurados o melhor benef\u00edcio. Ap\u00f3s recurso, o processo foi analisado pelo STF que em dezembro de 2022, por 6 votos a 5, ratificou o entendimento do STJ, garantindo aos trabalhadores o direito \u00e0 revis\u00e3o da Vida Toda.<\/p>\r\n\r\n\r\n\r\n<p style=\"text-align: justify;\">Por\u00e9m em 2024, o STF mudou seu entendimento, gerando inseguran\u00e7a jur\u00eddica em todos os processos. E deixando uma percep\u00e7\u00e3o contradit\u00f3ria quanto a validade ou n\u00e3o do direito \u00e0 revis\u00e3o da vida toda.<\/p>\r\n\r\n\r\n\r\n<p style=\"text-align: justify;\">Finalmente, em abril deste ano, o STF definiu a inaplicabilidade da citada revis\u00e3o e modulou seus efeitos, considerando o longo tempo de decis\u00f5es favor\u00e1veis aos aposentados. Na modula\u00e7\u00e3o ficou definido que: aqueles segurados que haviam recebido decis\u00e3o de tutela de urg\u00eancia, n\u00e3o precisar\u00e3o devolver valores recebidos; bem como ficar\u00e3o isentos de custas, honor\u00e1rios e per\u00edcias.<\/p>\r\n\r\n\r\n\r\n<p style=\"text-align: justify;\">Assim, ap\u00f3s anos trabalhando no processo e apesar de duas decis\u00f5es favor\u00e1veis (STJ e STF), a decis\u00e3o definitiva do STF foi em negar o direito ao Segurado a optar pelo melhor benef\u00edcio de aposentadoria. E, todos os processos ser\u00e3o baixados e arquivados.<\/p>\r\n<p>&nbsp;<\/p>\r\n\r\n\r\n\r\n<p style=\"text-align: right;\"><strong>Dire\u00e7\u00e3o Nacional da ADCAP.<\/strong><\/p>\r\n","protected":false},"excerpt":{"rendered":"<p>Tendo em vista a decis\u00e3o do STF em abril de 2025, esclarecemos aos associados da ADCAP sobre Revis\u00e3o da Aposentadoria denominada: Revis\u00e3o da Vida Toda N\u00ba 260 &#8211; 02\/05\/2025 A&hellip;<\/p>\n","protected":false},"author":1,"featured_media":0,"comment_status":"closed","ping_status":"closed","sticky":false,"template":"","format":"standard","meta":{"_editorskit_title_hidden":false,"_editorskit_reading_time":0,"_editorskit_is_block_options_detached":false,"_editorskit_block_options_position":"{}","footnotes":""},"categories":[5,44,150],"tags":[],"aioseo_notices":[],"_links":{"self":[{"href":"https:\/\/adcap.org.br\/index.php\/wp-json\/wp\/v2\/posts\/20087"}],"collection":[{"href":"https:\/\/adcap.org.br\/index.php\/wp-json\/wp\/v2\/posts"}],"about":[{"href":"https:\/\/adcap.org.br\/index.php\/wp-json\/wp\/v2\/types\/post"}],"author":[{"embeddable":true,"href":"https:\/\/adcap.org.br\/index.php\/wp-json\/wp\/v2\/users\/1"}],"replies":[{"embeddable":true,"href":"https:\/\/adcap.org.br\/index.php\/wp-json\/wp\/v2\/comments?post=20087"}],"version-history":[{"count":2,"href":"https:\/\/adcap.org.br\/index.php\/wp-json\/wp\/v2\/posts\/20087\/revisions"}],"predecessor-version":[{"id":20089,"href":"https:\/\/adcap.org.br\/index.php\/wp-json\/wp\/v2\/posts\/20087\/revisions\/20089"}],"wp:attachment":[{"href":"https:\/\/adcap.org.br\/index.php\/wp-json\/wp\/v2\/media?parent=20087"}],"wp:term":[{"taxonomy":"category","embeddable":true,"href":"https:\/\/adcap.org.br\/index.php\/wp-json\/wp\/v2\/categories?post=20087"},{"taxonomy":"post_tag","embeddable":true,"href":"https:\/\/adcap.org.br\/index.php\/wp-json\/wp\/v2\/tags?post=20087"}],"curies":[{"name":"wp","href":"https:\/\/api.w.org\/{rel}","templated":true}]}}