{"id":19828,"date":"2025-02-13T14:06:56","date_gmt":"2025-02-13T14:06:56","guid":{"rendered":"https:\/\/adcap.org.br\/?p=19828"},"modified":"2025-02-13T14:06:57","modified_gmt":"2025-02-13T14:06:57","slug":"acao-da-postal-saude-julgamento-concluido","status":"publish","type":"post","link":"https:\/\/adcap.org.br\/index.php\/acao-da-postal-saude-julgamento-concluido\/","title":{"rendered":"A\u00e7\u00e3o da Postal Sa\u00fade \u2013 Julgamento conclu\u00eddo"},"content":{"rendered":"\n<p class=\"has-text-align-right\"><strong>N\u00ba 251 &#8211; 13\/02\/2025<\/strong><\/p>\n\n\n\n<p>A ADCAP comunica, que a a\u00e7\u00e3o 0000333-47.2021.5.10.0022, sobre o restabelecimento do plano de sa\u00fade a aposentados sem custeio, ou, subsidiariamente, em custeio parit\u00e1rio, teve seu julgamento conclu\u00eddo no Tribunal Superior do Trabalho hoje, com manuten\u00e7\u00e3o da decis\u00e3o desfavor\u00e1vel, que havia sido dada no Tribunal Regional da 10\u00aa Regi\u00e3o.<\/p>\n\n\n\n<p>A a\u00e7\u00e3o em quest\u00e3o obteve liminar de antecipa\u00e7\u00e3o de tutela favor\u00e1vel em seu in\u00edcio, garantindo custeio at\u00e9 abril de 2022 e veda\u00e7\u00e3o de cobran\u00e7a retroativa at\u00e9 o fim da a\u00e7\u00e3o.<\/p>\n\n\n\n<p>A 7\u00aa Turma do TST manteve decis\u00e3o, justificando que em casos similares e mais recentes na SDI-1 (\u00f3rg\u00e3o interno que uniformiza as decis\u00f5es) assentou-se que o custeio para aposentados da ECT pode ser diferente dos ativos e na base de 100%.<\/p>\n\n\n\n<p>A decis\u00e3o do TST ainda n\u00e3o foi publicada. No entanto, j\u00e1 considerando que a a\u00e7\u00e3o discute direitos de paridade de aposentados e h\u00e1 discuss\u00e3o sobre temas de repercuss\u00e3o geral julgados no STF, h\u00e1 possibilidade de recurso \u00e0 Suprema Corte, sem preju\u00edzos de outras medidas j\u00e1 em estudo pela ADCAP, neste e em outros casos para restabelecer o direito \u00e0 paridade de custeio.<\/p>\n\n\n\n<p><\/p>\n\n\n\n<p class=\"has-text-align-right\"><strong>Dire\u00e7\u00e3o Nacional da ADCAP.<\/strong><\/p>\n","protected":false},"excerpt":{"rendered":"<p>N\u00ba 251 &#8211; 13\/02\/2025 A ADCAP comunica, que a a\u00e7\u00e3o 0000333-47.2021.5.10.0022, sobre o restabelecimento do plano de sa\u00fade a aposentados sem custeio, ou, subsidiariamente, em custeio parit\u00e1rio, teve seu julgamento&hellip;<\/p>\n","protected":false},"author":1,"featured_media":0,"comment_status":"closed","ping_status":"closed","sticky":false,"template":"","format":"standard","meta":{"_editorskit_title_hidden":false,"_editorskit_reading_time":0,"_editorskit_is_block_options_detached":false,"_editorskit_block_options_position":"{}","footnotes":""},"categories":[5,44,150],"tags":[],"aioseo_notices":[],"_links":{"self":[{"href":"https:\/\/adcap.org.br\/index.php\/wp-json\/wp\/v2\/posts\/19828"}],"collection":[{"href":"https:\/\/adcap.org.br\/index.php\/wp-json\/wp\/v2\/posts"}],"about":[{"href":"https:\/\/adcap.org.br\/index.php\/wp-json\/wp\/v2\/types\/post"}],"author":[{"embeddable":true,"href":"https:\/\/adcap.org.br\/index.php\/wp-json\/wp\/v2\/users\/1"}],"replies":[{"embeddable":true,"href":"https:\/\/adcap.org.br\/index.php\/wp-json\/wp\/v2\/comments?post=19828"}],"version-history":[{"count":0,"href":"https:\/\/adcap.org.br\/index.php\/wp-json\/wp\/v2\/posts\/19828\/revisions"}],"wp:attachment":[{"href":"https:\/\/adcap.org.br\/index.php\/wp-json\/wp\/v2\/media?parent=19828"}],"wp:term":[{"taxonomy":"category","embeddable":true,"href":"https:\/\/adcap.org.br\/index.php\/wp-json\/wp\/v2\/categories?post=19828"},{"taxonomy":"post_tag","embeddable":true,"href":"https:\/\/adcap.org.br\/index.php\/wp-json\/wp\/v2\/tags?post=19828"}],"curies":[{"name":"wp","href":"https:\/\/api.w.org\/{rel}","templated":true}]}}