{"id":19816,"date":"2025-02-03T20:31:12","date_gmt":"2025-02-03T20:31:12","guid":{"rendered":"https:\/\/adcap.org.br\/?p=19816"},"modified":"2025-02-03T20:44:21","modified_gmt":"2025-02-03T20:44:21","slug":"eleicoes-adcap-nacional-trienio-2025-2028-conheca-a-chapa-e-candidatos-ao-conselho-fiscal-inscritos","status":"publish","type":"post","link":"https:\/\/adcap.org.br\/index.php\/eleicoes-adcap-nacional-trienio-2025-2028-conheca-a-chapa-e-candidatos-ao-conselho-fiscal-inscritos\/","title":{"rendered":"Elei\u00e7\u00f5es ADCAP Nacional Tri\u00eanio 2025\/2028 \u2013 Conhe\u00e7a a Chapa e Candidatos ao Conselho Fiscal Inscritos"},"content":{"rendered":"\n<p>Encerrado o prazo para inscri\u00e7\u00e3o de candidaturas \u00e0s elei\u00e7\u00f5es da ADCAP Nacional, comunicamos o recebimento de inscri\u00e7\u00e3o de uma Chapa para a Diretoria Executiva e de sete inscri\u00e7\u00f5es ao Conselho Fiscal Nacional.<\/p>\n\n\n\n<p>Reunida nesta data, 03\/02\/2025, a Junta Eleitoral decidiu pela homologa\u00e7\u00e3o de todas as candidaturas, considerando que as regras pertinentes previstas no Estatuto da ADCAP foram atendidas.<\/p>\n\n\n\n<p>A seguir, apresentamos a \u00fanica chapa inscrita que concorre \u00e0 Diretoria Executiva:<\/p>\n\n\n\n<p>CHAPA \u00danica &#8211; ADCAP Juntos Somos Mais Fortes<\/p>\n\n\n\n<p>Presidente: Roberval Borges Correa &#8211; PR<br>Vice-Presidente: Maur\u00edcio Fortes Garcia Lorenzo &#8211; BA<br>Secret\u00e1rio-Geral: Rogiero Victor De Andrade &#8211; SPI<br>Diretor Administrativo e Financeiro: Luiz Alberto Menezes Barreto &#8211; GO<br>Diretor de Comunica\u00e7\u00e3o e Desenvolvimento: Sheyla de Brito Belissimo Zanini &#8211; SPI<br>Diretor de Rela\u00e7\u00f5es Funcionais: Mirta Maria Gomez Uliana &#8211; RS<br>Diretor de Rela\u00e7\u00f5es Externas: Jos\u00e9 Maria Dos Santos Silva &#8211; BSB<br>Diretor Jur\u00eddico: Claudio de Souza Quaresma &#8211; RJ<br>Diretor de Aposentados e Previd\u00eancia: Carlos Roberto De Santa\u2019Ana Melo &#8211; SPM<\/p>\n\n\n\n<p>A seguir, apresentamos as candidaturas ao Conselho Fiscal Nacional:<\/p>\n\n\n\n<p>1) Gilberto Matos Sobrinho \u2013 MG<br>2) Jayme Aranha Chacon Junior \u2013 AM<br>3) Marcio Varallo Ribeiro da Silva &#8211; BSB<br>4) Paulo Cesar Bezerra de Lima &#8211; PB<br>5) Reinaldo Antonio Castro \u2013 DR\/RS<br>6) Sandra Moreira \u2013 DR\/RJ<br>7) Wagner Catarino \u2013 SPM<\/p>\n\n\n\n<p>A ADCAP disponibilizar\u00e1, em breve, um espa\u00e7o no seu portal na internet para que os candidatos se apresentem e exponham suas ideias e projetos, se assim desejarem.<\/p>\n\n\n\n<p>Lembramos que o per\u00edodo para apresenta\u00e7\u00e3o de requerimentos de impugna\u00e7\u00e3o de candidaturas se encerra no dia 11\/03\/25.<br><\/p>\n\n\n\n<p>Jorge Luiz Gonzaga Ribeiro<br>Presidente da Junta Eleitoral<\/p>\n","protected":false},"excerpt":{"rendered":"<p>Encerrado o prazo para inscri\u00e7\u00e3o de candidaturas \u00e0s elei\u00e7\u00f5es da ADCAP Nacional, comunicamos o recebimento de inscri\u00e7\u00e3o de uma Chapa para a Diretoria Executiva e de sete inscri\u00e7\u00f5es ao Conselho&hellip;<\/p>\n","protected":false},"author":1,"featured_media":0,"comment_status":"closed","ping_status":"closed","sticky":false,"template":"","format":"standard","meta":{"_editorskit_title_hidden":false,"_editorskit_reading_time":0,"_editorskit_is_block_options_detached":false,"_editorskit_block_options_position":"{}","footnotes":""},"categories":[5,44],"tags":[],"aioseo_notices":[],"_links":{"self":[{"href":"https:\/\/adcap.org.br\/index.php\/wp-json\/wp\/v2\/posts\/19816"}],"collection":[{"href":"https:\/\/adcap.org.br\/index.php\/wp-json\/wp\/v2\/posts"}],"about":[{"href":"https:\/\/adcap.org.br\/index.php\/wp-json\/wp\/v2\/types\/post"}],"author":[{"embeddable":true,"href":"https:\/\/adcap.org.br\/index.php\/wp-json\/wp\/v2\/users\/1"}],"replies":[{"embeddable":true,"href":"https:\/\/adcap.org.br\/index.php\/wp-json\/wp\/v2\/comments?post=19816"}],"version-history":[{"count":0,"href":"https:\/\/adcap.org.br\/index.php\/wp-json\/wp\/v2\/posts\/19816\/revisions"}],"wp:attachment":[{"href":"https:\/\/adcap.org.br\/index.php\/wp-json\/wp\/v2\/media?parent=19816"}],"wp:term":[{"taxonomy":"category","embeddable":true,"href":"https:\/\/adcap.org.br\/index.php\/wp-json\/wp\/v2\/categories?post=19816"},{"taxonomy":"post_tag","embeddable":true,"href":"https:\/\/adcap.org.br\/index.php\/wp-json\/wp\/v2\/tags?post=19816"}],"curies":[{"name":"wp","href":"https:\/\/api.w.org\/{rel}","templated":true}]}}