{"id":19579,"date":"2024-10-10T17:57:16","date_gmt":"2024-10-10T17:57:16","guid":{"rendered":"https:\/\/adcap.org.br\/?p=19579"},"modified":"2024-10-10T20:01:33","modified_gmt":"2024-10-10T20:01:33","slug":"19579","status":"publish","type":"post","link":"https:\/\/adcap.org.br\/index.php\/19579\/","title":{"rendered":"Reuni\u00e3o do N\u00facleo Regional de Bras\u00edlia com associados"},"content":{"rendered":"\r\n<p>&nbsp;<\/p>\r\n\r\n\r\n<div class=\"wp-block-image\">\r\n<figure class=\"aligncenter size-full is-resized\"><img decoding=\"async\" loading=\"lazy\" width=\"960\" height=\"960\" class=\"wp-image-19580\" style=\"aspect-ratio: 1; width: 673px; height: auto;\" src=\"https:\/\/adcap.org.br\/wp-content\/uploads\/WhatsApp-Image-2024-10-10-at-11.27.15.jpeg\" alt=\"\" srcset=\"https:\/\/adcap.org.br\/wp-content\/uploads\/WhatsApp-Image-2024-10-10-at-11.27.15.jpeg 960w, https:\/\/adcap.org.br\/wp-content\/uploads\/WhatsApp-Image-2024-10-10-at-11.27.15-300x300.jpeg 300w, https:\/\/adcap.org.br\/wp-content\/uploads\/WhatsApp-Image-2024-10-10-at-11.27.15-150x150.jpeg 150w, https:\/\/adcap.org.br\/wp-content\/uploads\/WhatsApp-Image-2024-10-10-at-11.27.15-768x768.jpeg 768w, https:\/\/adcap.org.br\/wp-content\/uploads\/WhatsApp-Image-2024-10-10-at-11.27.15-585x585.jpeg 585w\" sizes=\"(max-width: 960px) 100vw, 960px\" \/><\/figure><\/div>\r\n\r\n\r\n<p>&nbsp;<\/p>\r\n\r\n\r\n\r\n<p>Realizou-se ontem, 09 de outubro, \u00e0s 17h30, reuni\u00e3o do N\u00facleo de Bras\u00edlia com seus associados ativos e aposentados, com a participa\u00e7\u00e3o da diretoria nacional e convidados. O objetivo foi tratar de temas importantes como o novo Plano CD do POSTALIS, atualiza\u00e7\u00f5es sobre a\u00e7\u00f5es coletivas e Postal Sa\u00fade.<\/p>\r\n\r\n\r\n\r\n<p>A reuni\u00e3o teve in\u00edcio com as boas-vindas do Presidente do N\u00facleo, M\u00e1rcio Varallo, e, em seguida, apresenta\u00e7\u00e3o do Presidente da ADCAP &#8211; Roberval Corr\u00eaa, para falar especialmente sobre a realidade da associa\u00e7\u00e3o, suas perspectivas e o andamento das a\u00e7\u00f5es coletivas.<\/p>\r\n\r\n\r\n\r\n<p>O especialista Luiz Felippe &#8211; Consultor da ADCAP para previd\u00eancia complementar &#8211; tratou sobre a situa\u00e7\u00e3o dos planos BD e POSTAL PREV, bem como do novo placo CD, aprovado pelo Postalis. Em seguida a especialista, Danielle Vasconcelos \u2013 Assessora da ADCAP para sa\u00fade suplementar &#8211; apresentou valiosas informa\u00e7\u00f5es sobre a situa\u00e7\u00e3o da Postal Sa\u00fade e suas perspectivas.<\/p>\r\n\r\n\r\n\r\n<p>Participaram, tamb\u00e9m do evento, integrantes da diretoria nacional da ADCAP, Mirta Uliana, Sheyla Bel\u00edssimo e Jos\u00e9 Maria. A Dire\u00e7\u00e3o da ADCAP Nacional parabeniza o N\u00facleo de Bras\u00edlia, pela oportuna reuni\u00e3o e estimula os demais n\u00facleos na realiza\u00e7\u00e3o de eventos semelhantes.<\/p>\r\n<p>Se voc\u00ea perdeu a reuni\u00e3o, assista no link <a href=\"https:\/\/www.instagram.com\/reel\/DA7AuJVyvvZ\/?igsh=MWtnaHd1NXR3cTc4NA==\">https:\/\/www.instagram.com\/reel\/DA7AuJVyvvZ\/?igsh=MWtnaHd1NXR3cTc4NA==<\/a><\/p>\r\n\r\n\r\n\r\n<p>&nbsp;<\/p>\r\n\r\n\r\n\r\n<p class=\"has-text-align-right\"><strong>Dire\u00e7\u00e3o Nacional da ADCAP.<\/strong><\/p>\r\n","protected":false},"excerpt":{"rendered":"<p>&nbsp; &nbsp; Realizou-se ontem, 09 de outubro, \u00e0s 17h30, reuni\u00e3o do N\u00facleo de Bras\u00edlia com seus associados ativos e aposentados, com a participa\u00e7\u00e3o da diretoria nacional e convidados. O objetivo&hellip;<\/p>\n","protected":false},"author":1,"featured_media":0,"comment_status":"closed","ping_status":"closed","sticky":false,"template":"","format":"standard","meta":{"_editorskit_title_hidden":false,"_editorskit_reading_time":0,"_editorskit_is_block_options_detached":false,"_editorskit_block_options_position":"{}","footnotes":""},"categories":[5,44],"tags":[],"aioseo_notices":[],"_links":{"self":[{"href":"https:\/\/adcap.org.br\/index.php\/wp-json\/wp\/v2\/posts\/19579"}],"collection":[{"href":"https:\/\/adcap.org.br\/index.php\/wp-json\/wp\/v2\/posts"}],"about":[{"href":"https:\/\/adcap.org.br\/index.php\/wp-json\/wp\/v2\/types\/post"}],"author":[{"embeddable":true,"href":"https:\/\/adcap.org.br\/index.php\/wp-json\/wp\/v2\/users\/1"}],"replies":[{"embeddable":true,"href":"https:\/\/adcap.org.br\/index.php\/wp-json\/wp\/v2\/comments?post=19579"}],"version-history":[{"count":0,"href":"https:\/\/adcap.org.br\/index.php\/wp-json\/wp\/v2\/posts\/19579\/revisions"}],"wp:attachment":[{"href":"https:\/\/adcap.org.br\/index.php\/wp-json\/wp\/v2\/media?parent=19579"}],"wp:term":[{"taxonomy":"category","embeddable":true,"href":"https:\/\/adcap.org.br\/index.php\/wp-json\/wp\/v2\/categories?post=19579"},{"taxonomy":"post_tag","embeddable":true,"href":"https:\/\/adcap.org.br\/index.php\/wp-json\/wp\/v2\/tags?post=19579"}],"curies":[{"name":"wp","href":"https:\/\/api.w.org\/{rel}","templated":true}]}}