{"id":19509,"date":"2024-09-13T14:34:27","date_gmt":"2024-09-13T14:34:27","guid":{"rendered":"https:\/\/adcap.org.br\/?p=19509"},"modified":"2024-09-13T14:34:29","modified_gmt":"2024-09-13T14:34:29","slug":"adcap-participa-de-reuniao-no-ministerio-de-gestao-e-inovacao-e-servico-publico","status":"publish","type":"post","link":"https:\/\/adcap.org.br\/index.php\/adcap-participa-de-reuniao-no-ministerio-de-gestao-e-inovacao-e-servico-publico\/","title":{"rendered":"ADCAP participa de reuni\u00e3o no Minist\u00e9rio de Gest\u00e3o e Inova\u00e7\u00e3o e Servi\u00e7o P\u00fablico"},"content":{"rendered":"\n<p><\/p>\n\n\n<div class=\"wp-block-image\">\n<figure class=\"aligncenter size-large is-resized\"><img decoding=\"async\" loading=\"lazy\" width=\"1024\" height=\"841\" src=\"https:\/\/adcap.org.br\/wp-content\/uploads\/WhatsApp-Image-2024-09-13-at-10.47.41-1024x841.jpeg\" alt=\"\" class=\"wp-image-19510\" style=\"aspect-ratio:1.218274111675127;width:577px;height:auto\" srcset=\"https:\/\/adcap.org.br\/wp-content\/uploads\/WhatsApp-Image-2024-09-13-at-10.47.41-1024x841.jpeg 1024w, https:\/\/adcap.org.br\/wp-content\/uploads\/WhatsApp-Image-2024-09-13-at-10.47.41-300x246.jpeg 300w, https:\/\/adcap.org.br\/wp-content\/uploads\/WhatsApp-Image-2024-09-13-at-10.47.41-768x630.jpeg 768w, https:\/\/adcap.org.br\/wp-content\/uploads\/WhatsApp-Image-2024-09-13-at-10.47.41-1170x960.jpeg 1170w, https:\/\/adcap.org.br\/wp-content\/uploads\/WhatsApp-Image-2024-09-13-at-10.47.41-585x480.jpeg 585w, https:\/\/adcap.org.br\/wp-content\/uploads\/WhatsApp-Image-2024-09-13-at-10.47.41.jpeg 1200w\" sizes=\"(max-width: 1024px) 100vw, 1024px\" \/><\/figure><\/div>\n\n\n<p><\/p>\n\n\n\n<p>No dia 12 de setembro, integrantes do Grupo de Trabalho 1712 da ADCAP, participaram de importante reuni\u00e3o no Minist\u00e9rio de Gest\u00e3o e Inova\u00e7\u00e3o e Servi\u00e7o P\u00fablico, com a Secretaria de Coordena\u00e7\u00e3o e Governan\u00e7a das Empresas Estatais, por meio do assessor Heiguiberto Guiba e da Coordenadora da Assessoria Parlamentar para o Congresso Nacional, Bethania Alves Pereira.<\/p>\n\n\n\n<p>A pauta da reuni\u00e3o foi o VETO 16\/2002, que \u00e9 o veto ao PLC 6\/2002, que altera o artigo 1\u00ba e revoga o artigo 4\u00ba, ambos da Lei n\u00ba 8529, de 14 de dezembro de 1992 (Disp\u00f5e sobre a complementa\u00e7\u00e3o da aposentadoria do pessoal do extinto Departamento de Correios e Tel\u00e9grafos &#8211; DCT).<\/p>\n\n\n\n<p>A Assessora Parlamentar do Minist\u00e9rio se comprometeu a estudar os fundamentos para a derrubada do veto e a atualiza\u00e7\u00e3o do impacto or\u00e7ament\u00e1rio e auxiliar na constru\u00e7\u00e3o de estrat\u00e9gias para colocar o veto em pauta no Congresso Nacional.<\/p>\n\n\n\n<p>Participaram da reuni\u00e3o por parte da ADCAP a Coordenadora do Grupo Sandra Moreira, a Diretora da ADCAP Mirta Uliana e o associado e integrante da Coordena\u00e7\u00e3o Carlos Gon\u00e7alo. A organiza\u00e7\u00e3o da reuni\u00e3o foi feita pela CONECTA &#8211; Assessoria Parlamentar da ADCAP.<\/p>\n\n\n\n<p><\/p>\n\n\n\n<p class=\"has-text-align-right\"><strong>Dire\u00e7\u00e3o Nacional da ADCAP.<\/strong><\/p>\n","protected":false},"excerpt":{"rendered":"<p>No dia 12 de setembro, integrantes do Grupo de Trabalho 1712 da ADCAP, participaram de importante reuni\u00e3o no Minist\u00e9rio de Gest\u00e3o e Inova\u00e7\u00e3o e Servi\u00e7o P\u00fablico, com a Secretaria de&hellip;<\/p>\n","protected":false},"author":1,"featured_media":0,"comment_status":"closed","ping_status":"closed","sticky":false,"template":"","format":"standard","meta":{"_editorskit_title_hidden":false,"_editorskit_reading_time":0,"_editorskit_is_block_options_detached":false,"_editorskit_block_options_position":"{}","footnotes":""},"categories":[5,44],"tags":[],"aioseo_notices":[],"_links":{"self":[{"href":"https:\/\/adcap.org.br\/index.php\/wp-json\/wp\/v2\/posts\/19509"}],"collection":[{"href":"https:\/\/adcap.org.br\/index.php\/wp-json\/wp\/v2\/posts"}],"about":[{"href":"https:\/\/adcap.org.br\/index.php\/wp-json\/wp\/v2\/types\/post"}],"author":[{"embeddable":true,"href":"https:\/\/adcap.org.br\/index.php\/wp-json\/wp\/v2\/users\/1"}],"replies":[{"embeddable":true,"href":"https:\/\/adcap.org.br\/index.php\/wp-json\/wp\/v2\/comments?post=19509"}],"version-history":[{"count":0,"href":"https:\/\/adcap.org.br\/index.php\/wp-json\/wp\/v2\/posts\/19509\/revisions"}],"wp:attachment":[{"href":"https:\/\/adcap.org.br\/index.php\/wp-json\/wp\/v2\/media?parent=19509"}],"wp:term":[{"taxonomy":"category","embeddable":true,"href":"https:\/\/adcap.org.br\/index.php\/wp-json\/wp\/v2\/categories?post=19509"},{"taxonomy":"post_tag","embeddable":true,"href":"https:\/\/adcap.org.br\/index.php\/wp-json\/wp\/v2\/tags?post=19509"}],"curies":[{"name":"wp","href":"https:\/\/api.w.org\/{rel}","templated":true}]}}