{"id":18832,"date":"2023-12-20T12:02:24","date_gmt":"2023-12-20T12:02:24","guid":{"rendered":"https:\/\/adcap.org.br\/?p=18832"},"modified":"2023-12-20T18:19:47","modified_gmt":"2023-12-20T18:19:47","slug":"20-de-dezembro-37o-aniversario-da-adcap","status":"publish","type":"post","link":"https:\/\/adcap.org.br\/index.php\/20-de-dezembro-37o-aniversario-da-adcap\/","title":{"rendered":"20 de dezembro &#8211; 37\u00ba anivers\u00e1rio da ADCAP"},"content":{"rendered":"<div class=\"wp-block-image\">\n<figure class=\"aligncenter size-large is-resized\"><img decoding=\"async\" loading=\"lazy\" width=\"1024\" height=\"683\" src=\"https:\/\/adcap.org.br\/wp-content\/uploads\/WhatsApp-Image-2023-12-20-at-08.49.52-1024x683.jpeg\" alt=\"\" class=\"wp-image-18834\" style=\"aspect-ratio:1.499267935578331;width:431px;height:auto\" srcset=\"https:\/\/adcap.org.br\/wp-content\/uploads\/WhatsApp-Image-2023-12-20-at-08.49.52-1024x683.jpeg 1024w, https:\/\/adcap.org.br\/wp-content\/uploads\/WhatsApp-Image-2023-12-20-at-08.49.52-300x200.jpeg 300w, https:\/\/adcap.org.br\/wp-content\/uploads\/WhatsApp-Image-2023-12-20-at-08.49.52-768x512.jpeg 768w, https:\/\/adcap.org.br\/wp-content\/uploads\/WhatsApp-Image-2023-12-20-at-08.49.52-585x390.jpeg 585w, https:\/\/adcap.org.br\/wp-content\/uploads\/WhatsApp-Image-2023-12-20-at-08.49.52.jpeg 1170w\" sizes=\"(max-width: 1024px) 100vw, 1024px\" \/><\/figure><\/div>\n\n\n<p><\/p>\n\n\n\n<p>&#x1f389;&#x1f388;&#x1f38a; Hoje, 20\/12, a Associa\u00e7\u00e3o dos Profissionais dos Correios comemora mais uma importante marca: 37 anos de exist\u00eancia!<\/p>\n\n\n\n<p>Atuando com representatividade, coragem, obstina\u00e7\u00e3o e independ\u00eancia na defesa dos direitos e interesses dos seus associados, a ADCAP completa mais um ano tendo como sua principal caracter\u00edstica a luta incans\u00e1vel por melhorias relacionadas \u00e0 sa\u00fade, \u00e0 recupera\u00e7\u00e3o dos preju\u00edzos do Postalis, \u00e0s rela\u00e7\u00f5es de trabalho e ao futuro de todos os seus representados.<\/p>\n\n\n\n<p>A ADCAP se confraterniza com seus milhares de associados e familiares, agradece \u00e0s lideran\u00e7as regionais, aos seus colaboradores, parceiros e entidades representativas de empregados e aposentados dos Correios pelo apoio e engajamento \u00e0s causas relacionadas \u00e0 defesa dos Correios como empresa p\u00fablica, forte e bem gerida e, sobretudo, pelos associados, nossa principal raz\u00e3o de existir.<\/p>\n\n\n\n<p>Comemore conosco, apoiando e participando ativamente das a\u00e7\u00f5es propostas pela ADCAP.<\/p>\n\n\n\n<p>Seguiremos firmes na busca pela vit\u00f3ria de nossas lutas e voc\u00ea \u00e9 pe\u00e7a chave nesse caminho!<\/p>\n\n\n\n<p class=\"has-text-align-right\"><br><strong>Dire\u00e7\u00e3o Nacional da ADCAP.<\/strong><\/p>\n","protected":false},"excerpt":{"rendered":"<p>&#x1f389;&#x1f388;&#x1f38a; Hoje, 20\/12, a Associa\u00e7\u00e3o dos Profissionais dos Correios comemora mais uma importante marca: 37 anos de exist\u00eancia! Atuando com representatividade, coragem, obstina\u00e7\u00e3o e independ\u00eancia na defesa dos direitos e&hellip;<\/p>\n","protected":false},"author":1,"featured_media":0,"comment_status":"closed","ping_status":"closed","sticky":false,"template":"","format":"standard","meta":{"_editorskit_title_hidden":false,"_editorskit_reading_time":0,"_editorskit_is_block_options_detached":false,"_editorskit_block_options_position":"{}","footnotes":""},"categories":[5,44],"tags":[],"aioseo_notices":[],"_links":{"self":[{"href":"https:\/\/adcap.org.br\/index.php\/wp-json\/wp\/v2\/posts\/18832"}],"collection":[{"href":"https:\/\/adcap.org.br\/index.php\/wp-json\/wp\/v2\/posts"}],"about":[{"href":"https:\/\/adcap.org.br\/index.php\/wp-json\/wp\/v2\/types\/post"}],"author":[{"embeddable":true,"href":"https:\/\/adcap.org.br\/index.php\/wp-json\/wp\/v2\/users\/1"}],"replies":[{"embeddable":true,"href":"https:\/\/adcap.org.br\/index.php\/wp-json\/wp\/v2\/comments?post=18832"}],"version-history":[{"count":0,"href":"https:\/\/adcap.org.br\/index.php\/wp-json\/wp\/v2\/posts\/18832\/revisions"}],"wp:attachment":[{"href":"https:\/\/adcap.org.br\/index.php\/wp-json\/wp\/v2\/media?parent=18832"}],"wp:term":[{"taxonomy":"category","embeddable":true,"href":"https:\/\/adcap.org.br\/index.php\/wp-json\/wp\/v2\/categories?post=18832"},{"taxonomy":"post_tag","embeddable":true,"href":"https:\/\/adcap.org.br\/index.php\/wp-json\/wp\/v2\/tags?post=18832"}],"curies":[{"name":"wp","href":"https:\/\/api.w.org\/{rel}","templated":true}]}}