{"id":18818,"date":"2023-12-12T22:09:38","date_gmt":"2023-12-12T22:09:38","guid":{"rendered":"https:\/\/adcap.org.br\/?p=18818"},"modified":"2023-12-12T22:33:36","modified_gmt":"2023-12-12T22:33:36","slug":"camara-dos-deputados-aprova-pl-8821-que-trata-da-isencao-de-irpf-nas-contribuicoes-extraordinarias","status":"publish","type":"post","link":"https:\/\/adcap.org.br\/index.php\/camara-dos-deputados-aprova-pl-8821-que-trata-da-isencao-de-irpf-nas-contribuicoes-extraordinarias\/","title":{"rendered":"C\u00e2mara dos Deputados aprova PL 8821 que trata da isen\u00e7\u00e3o de IRPF nas Contribui\u00e7\u00f5es Extraordin\u00e1rias"},"content":{"rendered":"\n<p class=\"has-text-align-center\"><\/p>\n\n\n<div class=\"wp-block-image\">\n<figure class=\"aligncenter size-large is-resized\"><img decoding=\"async\" loading=\"lazy\" width=\"1024\" height=\"542\" src=\"https:\/\/adcap.org.br\/wp-content\/uploads\/WhatsApp-Image-2023-12-12-at-18.43.38-1024x542.jpeg\" alt=\"\" class=\"wp-image-18820\" style=\"aspect-ratio:1.8886925795053005;width:530px;height:auto\" srcset=\"https:\/\/adcap.org.br\/wp-content\/uploads\/WhatsApp-Image-2023-12-12-at-18.43.38-1024x542.jpeg 1024w, https:\/\/adcap.org.br\/wp-content\/uploads\/WhatsApp-Image-2023-12-12-at-18.43.38-300x159.jpeg 300w, https:\/\/adcap.org.br\/wp-content\/uploads\/WhatsApp-Image-2023-12-12-at-18.43.38-768x407.jpeg 768w, https:\/\/adcap.org.br\/wp-content\/uploads\/WhatsApp-Image-2023-12-12-at-18.43.38-585x310.jpeg 585w, https:\/\/adcap.org.br\/wp-content\/uploads\/WhatsApp-Image-2023-12-12-at-18.43.38.jpeg 1069w\" sizes=\"(max-width: 1024px) 100vw, 1024px\" \/><\/figure><\/div>\n\n\n<p><br>Apesar da ADCAP possuir decis\u00f5es judiciais que garantem aos seus associados a isen\u00e7\u00e3o do IR sobre as contribui\u00e7\u00f5es extraordin\u00e1rias, os associados participaram ativamente do esfor\u00e7o para aprova\u00e7\u00e3o do PL 8821 de autoria do Dep. S\u00e9rgio Souza, que trata da isen\u00e7\u00e3o do IR sobre as contribui\u00e7\u00f5es extraordin\u00e1rias dos planos de previd\u00eancia.<\/p>\n\n\n\n<p>A aprova\u00e7\u00e3o tr\u00e1s seguran\u00e7a jur\u00eddica para todos os participantes de fundos de pens\u00e3o e garante justi\u00e7a social aos participantes do Postalis.<\/p>\n\n\n\n<p>Em esfor\u00e7o especial, a ADCAP fez corpo a corpo na CCJ da C\u00e2mara com representantes e atuou de modo decisivo para a aprova\u00e7\u00e3o, que agora segue ao Senado para vota\u00e7\u00e3o naquela casa.<\/p>\n\n\n\n<p><\/p>\n\n\n\n<p class=\"has-text-align-right\"><br><strong>Dire\u00e7\u00e3o Nacional da ADCAP.<\/strong><\/p>\n","protected":false},"excerpt":{"rendered":"<p>Apesar da ADCAP possuir decis\u00f5es judiciais que garantem aos seus associados a isen\u00e7\u00e3o do IR sobre as contribui\u00e7\u00f5es extraordin\u00e1rias, os associados participaram ativamente do esfor\u00e7o para aprova\u00e7\u00e3o do PL 8821&hellip;<\/p>\n","protected":false},"author":1,"featured_media":0,"comment_status":"closed","ping_status":"closed","sticky":false,"template":"","format":"standard","meta":{"_editorskit_title_hidden":false,"_editorskit_reading_time":0,"_editorskit_is_block_options_detached":false,"_editorskit_block_options_position":"{}","footnotes":""},"categories":[5,44],"tags":[],"aioseo_notices":[],"_links":{"self":[{"href":"https:\/\/adcap.org.br\/index.php\/wp-json\/wp\/v2\/posts\/18818"}],"collection":[{"href":"https:\/\/adcap.org.br\/index.php\/wp-json\/wp\/v2\/posts"}],"about":[{"href":"https:\/\/adcap.org.br\/index.php\/wp-json\/wp\/v2\/types\/post"}],"author":[{"embeddable":true,"href":"https:\/\/adcap.org.br\/index.php\/wp-json\/wp\/v2\/users\/1"}],"replies":[{"embeddable":true,"href":"https:\/\/adcap.org.br\/index.php\/wp-json\/wp\/v2\/comments?post=18818"}],"version-history":[{"count":0,"href":"https:\/\/adcap.org.br\/index.php\/wp-json\/wp\/v2\/posts\/18818\/revisions"}],"wp:attachment":[{"href":"https:\/\/adcap.org.br\/index.php\/wp-json\/wp\/v2\/media?parent=18818"}],"wp:term":[{"taxonomy":"category","embeddable":true,"href":"https:\/\/adcap.org.br\/index.php\/wp-json\/wp\/v2\/categories?post=18818"},{"taxonomy":"post_tag","embeddable":true,"href":"https:\/\/adcap.org.br\/index.php\/wp-json\/wp\/v2\/tags?post=18818"}],"curies":[{"name":"wp","href":"https:\/\/api.w.org\/{rel}","templated":true}]}}