{"id":18816,"date":"2023-12-12T17:56:15","date_gmt":"2023-12-12T17:56:15","guid":{"rendered":"https:\/\/adcap.org.br\/?p=18816"},"modified":"2023-12-12T17:56:16","modified_gmt":"2023-12-12T17:56:16","slug":"atencao-hoje-havera-votacao-do-pl-8821-2017-que-preve-a-isencao-do-irpf-da-taxa-extra-do-postalis","status":"publish","type":"post","link":"https:\/\/adcap.org.br\/index.php\/atencao-hoje-havera-votacao-do-pl-8821-2017-que-preve-a-isencao-do-irpf-da-taxa-extra-do-postalis\/","title":{"rendered":"ATEN\u00c7\u00c3O: Hoje haver\u00e1 vota\u00e7\u00e3o do PL 8821\/2017 que prev\u00ea a isen\u00e7\u00e3o do IRPF da taxa extra do POSTALIS"},"content":{"rendered":"\n<p>Efetivamente, os associados da ADCAP j\u00e1 possuem benef\u00edcio das a\u00e7\u00f5es judiciais, entretanto, a aprova\u00e7\u00e3o do PL, e o parecer do Relator \u00e9 favor\u00e1vel \u00e0s nossas pretens\u00f5es, garantem seguran\u00e7a jur\u00eddica definitiva a essa quest\u00e3o.<\/p>\n\n\n\n<p>Por\u00e9m, existem muitas for\u00e7as contr\u00e1rias atuando pela rejei\u00e7\u00e3o desse PL.<\/p>\n\n\n\n<p>Assim, conclamamos nossos associados para enviarem a mensagem do link para os deputados federais que comp\u00f5em a CCJC (Comiss\u00e3o de Constitui\u00e7\u00e3o e Justi\u00e7a e Cidadania) e que dever\u00e3o votar nesta tarde essa mat\u00e9ria t\u00e3o importante para n\u00f3s!<\/p>\n\n\n\n<p>\u00c9 o momento de nossa uni\u00e3o para demonstramos que todos estamos juntos atuando para a aprova\u00e7\u00e3o do PL 8821\/2017, que ser\u00e1 muito importante para n\u00f3s!<\/p>\n\n\n\n<p>Contamos com voc\u00eas enviando e-mails e mensagens nas redes sociais desses deputados! E tem que ser hoje!<\/p>\n\n\n\n<p>&#x27a1;&#xfe0f; Sugest\u00e3o de mensagem aos Deputados e endere\u00e7os no link: <a href=\"https:\/\/adcap.org.br\/wp-content\/uploads\/Mensagem-Deputados-e-enderecos-final.pdf\" class=\"ek-link\">https:\/\/adcap.org.br\/wp-content\/uploads\/Mensagem-Deputados-e-enderecos-final.pdf<\/a><\/p>\n\n\n\n<p><\/p>\n\n\n\n<p class=\"has-text-align-right\"><strong>Dire\u00e7\u00e3o Nacional da ADCAP.<\/strong><\/p>\n","protected":false},"excerpt":{"rendered":"<p>Efetivamente, os associados da ADCAP j\u00e1 possuem benef\u00edcio das a\u00e7\u00f5es judiciais, entretanto, a aprova\u00e7\u00e3o do PL, e o parecer do Relator \u00e9 favor\u00e1vel \u00e0s nossas pretens\u00f5es, garantem seguran\u00e7a jur\u00eddica definitiva&hellip;<\/p>\n","protected":false},"author":1,"featured_media":0,"comment_status":"closed","ping_status":"closed","sticky":false,"template":"","format":"standard","meta":{"_editorskit_title_hidden":false,"_editorskit_reading_time":0,"_editorskit_is_block_options_detached":false,"_editorskit_block_options_position":"{}","footnotes":""},"categories":[5,44],"tags":[],"aioseo_notices":[],"_links":{"self":[{"href":"https:\/\/adcap.org.br\/index.php\/wp-json\/wp\/v2\/posts\/18816"}],"collection":[{"href":"https:\/\/adcap.org.br\/index.php\/wp-json\/wp\/v2\/posts"}],"about":[{"href":"https:\/\/adcap.org.br\/index.php\/wp-json\/wp\/v2\/types\/post"}],"author":[{"embeddable":true,"href":"https:\/\/adcap.org.br\/index.php\/wp-json\/wp\/v2\/users\/1"}],"replies":[{"embeddable":true,"href":"https:\/\/adcap.org.br\/index.php\/wp-json\/wp\/v2\/comments?post=18816"}],"version-history":[{"count":0,"href":"https:\/\/adcap.org.br\/index.php\/wp-json\/wp\/v2\/posts\/18816\/revisions"}],"wp:attachment":[{"href":"https:\/\/adcap.org.br\/index.php\/wp-json\/wp\/v2\/media?parent=18816"}],"wp:term":[{"taxonomy":"category","embeddable":true,"href":"https:\/\/adcap.org.br\/index.php\/wp-json\/wp\/v2\/categories?post=18816"},{"taxonomy":"post_tag","embeddable":true,"href":"https:\/\/adcap.org.br\/index.php\/wp-json\/wp\/v2\/tags?post=18816"}],"curies":[{"name":"wp","href":"https:\/\/api.w.org\/{rel}","templated":true}]}}