{"id":18498,"date":"2023-10-11T14:01:00","date_gmt":"2023-10-11T14:01:00","guid":{"rendered":"https:\/\/adcap.org.br\/?p=18498"},"modified":"2023-10-11T17:45:27","modified_gmt":"2023-10-11T17:45:27","slug":"live-acoes-coletivas-da-adcap-nas-relacoes-de-trabalho","status":"publish","type":"post","link":"https:\/\/adcap.org.br\/index.php\/live-acoes-coletivas-da-adcap-nas-relacoes-de-trabalho\/","title":{"rendered":"Live: A\u00e7\u00f5es Coletivas da ADCAP nas Rela\u00e7\u00f5es de Trabalho"},"content":{"rendered":"<div class=\"wp-block-image\">\n<figure class=\"aligncenter size-large is-resized\"><img decoding=\"async\" loading=\"lazy\" src=\"https:\/\/adcap.org.br\/wp-content\/uploads\/LIVE_RELAC\u0327O\u0303ES_DE_TRABALHO_FEED_-1-1-1024x1024.png\" alt=\"\" class=\"wp-image-18500\" style=\"width:424px;height:424px\" width=\"424\" height=\"424\" srcset=\"https:\/\/adcap.org.br\/wp-content\/uploads\/LIVE_RELAC\u0327O\u0303ES_DE_TRABALHO_FEED_-1-1-1024x1024.png 1024w, https:\/\/adcap.org.br\/wp-content\/uploads\/LIVE_RELAC\u0327O\u0303ES_DE_TRABALHO_FEED_-1-1-300x300.png 300w, https:\/\/adcap.org.br\/wp-content\/uploads\/LIVE_RELAC\u0327O\u0303ES_DE_TRABALHO_FEED_-1-1-150x150.png 150w, https:\/\/adcap.org.br\/wp-content\/uploads\/LIVE_RELAC\u0327O\u0303ES_DE_TRABALHO_FEED_-1-1-768x768.png 768w, https:\/\/adcap.org.br\/wp-content\/uploads\/LIVE_RELAC\u0327O\u0303ES_DE_TRABALHO_FEED_-1-1-585x585.png 585w, https:\/\/adcap.org.br\/wp-content\/uploads\/LIVE_RELAC\u0327O\u0303ES_DE_TRABALHO_FEED_-1-1.png 1080w\" sizes=\"(max-width: 424px) 100vw, 424px\" \/><\/figure><\/div>\n\n\n<p><\/p>\n\n\n\n<p><strong>&#x1f5d3;&#xfe0f; 11\/10<br>&#x23f0; \u00c0s 19h30<\/strong><\/p>\n\n\n\n<p>Mais uma live da ADCAP Nacional, agora com o palestrante Dr. Diego Britto, para comentar sobre as A\u00e7\u00f5es Coletivas nas Rela\u00e7\u00f5es de Trabalho. Contamos com sua participa\u00e7\u00e3o.<\/p>\n\n\n\n<p>&#x1f4cd; Pelo Youtube da ADCAP Nacional: <a href=\"https:\/\/www.youtube.com\/live\/DW3h3Hk6QE4?si=ntowTrllj_D1D5Im\" class=\"ek-link\">https:\/\/www.youtube.com\/live\/DW3h3Hk6QE4?si=ntowTrllj_D1D5Im<\/a><\/p>\n\n\n\n<p><\/p>\n\n\n\n<p class=\"has-text-align-right\"><strong>Dire\u00e7\u00e3o Nacional da ADCAP.<\/strong><\/p>\n","protected":false},"excerpt":{"rendered":"<p>&#x1f5d3;&#xfe0f; 11\/10&#x23f0; \u00c0s 19h30 Mais uma live da ADCAP Nacional, agora com o palestrante Dr. Diego Britto, para comentar sobre as A\u00e7\u00f5es Coletivas nas Rela\u00e7\u00f5es de Trabalho. Contamos com sua&hellip;<\/p>\n","protected":false},"author":1,"featured_media":0,"comment_status":"closed","ping_status":"closed","sticky":false,"template":"","format":"standard","meta":{"_editorskit_title_hidden":false,"_editorskit_reading_time":0,"_editorskit_is_block_options_detached":false,"_editorskit_block_options_position":"{}","footnotes":""},"categories":[5,44],"tags":[],"aioseo_notices":[],"_links":{"self":[{"href":"https:\/\/adcap.org.br\/index.php\/wp-json\/wp\/v2\/posts\/18498"}],"collection":[{"href":"https:\/\/adcap.org.br\/index.php\/wp-json\/wp\/v2\/posts"}],"about":[{"href":"https:\/\/adcap.org.br\/index.php\/wp-json\/wp\/v2\/types\/post"}],"author":[{"embeddable":true,"href":"https:\/\/adcap.org.br\/index.php\/wp-json\/wp\/v2\/users\/1"}],"replies":[{"embeddable":true,"href":"https:\/\/adcap.org.br\/index.php\/wp-json\/wp\/v2\/comments?post=18498"}],"version-history":[{"count":0,"href":"https:\/\/adcap.org.br\/index.php\/wp-json\/wp\/v2\/posts\/18498\/revisions"}],"wp:attachment":[{"href":"https:\/\/adcap.org.br\/index.php\/wp-json\/wp\/v2\/media?parent=18498"}],"wp:term":[{"taxonomy":"category","embeddable":true,"href":"https:\/\/adcap.org.br\/index.php\/wp-json\/wp\/v2\/categories?post=18498"},{"taxonomy":"post_tag","embeddable":true,"href":"https:\/\/adcap.org.br\/index.php\/wp-json\/wp\/v2\/tags?post=18498"}],"curies":[{"name":"wp","href":"https:\/\/api.w.org\/{rel}","templated":true}]}}